{"id":50210,"date":"2025-12-10T16:08:36","date_gmt":"2025-12-10T19:08:36","guid":{"rendered":"https:\/\/www.samnaz.org\/?p=50210"},"modified":"2025-12-10T16:13:56","modified_gmt":"2025-12-10T19:13:56","slug":"juventud-nazarena-de-el-alto-renueva-su-llamado-en-el-congreso-renueva-el-fuego-que-hay-en-nuestra-mision","status":"publish","type":"post","link":"https:\/\/www.samnaz.org\/pt\/juventud-nazarena-de-el-alto-renueva-su-llamado-en-el-congreso-renueva-el-fuego-que-hay-en-nuestra-mision\/","title":{"rendered":"Juventud nazarena de El Alto renueva su llamado en el congreso \u201cRenueva el Fuego que hay en nuestra misi\u00f3n\u201d"},"content":{"rendered":"<p>[et_pb_section fb_built=\u00bb1&#8243; _builder_version=\u00bb4.16&#8243; _module_preset=\u00bbdefault\u00bb custom_padding=\u00bb0px||||false|false\u00bb global_colors_info=\u00bb{}\u00bb][et_pb_row disabled_on=\u00bbon|on|on\u00bb _builder_version=\u00bb4.16&#8243; _module_preset=\u00bbdefault\u00bb disabled=\u00bbon\u00bb global_colors_info=\u00bb{}\u00bb][et_pb_column type=\u00bb4_4&#8243; _builder_version=\u00bb4.16&#8243; _module_preset=\u00bbdefault\u00bb global_colors_info=\u00bb{}\u00bb][et_pb_text disabled_on=\u00bboff|off|off\u00bb _builder_version=\u00bb4.16&#8243; _module_preset=\u00bbdefault\u00bb text_text_color=\u00bb#0C71C3&#8243; text_font_size=\u00bb23px\u00bb text_orientation=\u00bbcenter\u00bb global_colors_info=\u00bb{}\u00bb]<\/p>\n<p>CONTENIDO EN ESPA\u00d1OL<\/p>\n<p>[\/et_pb_text][\/et_pb_column][\/et_pb_row][et_pb_row module_class=\u00bbespanol\u00bb _builder_version=\u00bb4.16&#8243; _module_preset=\u00bbdefault\u00bb width=\u00bb100%\u00bb global_colors_info=\u00bb{}\u00bb][et_pb_column type=\u00bb4_4&#8243; module_class=\u00bbcolLeft\u00bb _builder_version=\u00bb4.16&#8243; _module_preset=\u00bbdefault\u00bb custom_padding=\u00bb|50px|||false|false\u00bb custom_padding_tablet=\u00bb|20px||20px|false|true\u00bb custom_padding_phone=\u00bb\u00bb custom_padding_last_edited=\u00bbon|phone\u00bb border_color_all=\u00bb#e0e0e0&#8243; border_width_right_tablet=\u00bb0px\u00bb border_width_right_phone=\u00bb0px\u00bb border_width_right_last_edited=\u00bbon|desktop\u00bb global_colors_info=\u00bb{}\u00bb][et_pb_code admin_label=\u00bbCode\u00bb _builder_version=\u00bb4.16&#8243; _module_preset=\u00bbdefault\u00bb background_enable_color=\u00bboff\u00bb positioning=\u00bbabsolute\u00bb position_origin_a=\u00bbtop_right\u00bb vertical_offset=\u00bb10px\u00bb horizontal_offset=\u00bb50px\u00bb z_index=\u00bb137&#8243; vertical_offset_tablet=\u00bb\u00bb vertical_offset_phone=\u00bb-45px\u00bb vertical_offset_last_edited=\u00bbon|phone\u00bb horizontal_offset_tablet=\u00bb20px\u00bb horizontal_offset_phone=\u00bb\u00bb horizontal_offset_last_edited=\u00bbon|phone\u00bb position_origin_a_tablet=\u00bb\u00bb position_origin_a_phone=\u00bb\u00bb position_origin_a_last_edited=\u00bbon|desktop\u00bb position_origin_f_tablet=\u00bb\u00bb position_origin_f_phone=\u00bb\u00bb position_origin_f_last_edited=\u00bbon|desktop\u00bb position_origin_r_tablet=\u00bb\u00bb position_origin_r_phone=\u00bb\u00bb position_origin_r_last_edited=\u00bbon|desktop\u00bb text_orientation=\u00bbright\u00bb width=\u00bb160px\u00bb height=\u00bb30px\u00bb positioning_tablet=\u00bb\u00bb positioning_phone=\u00bb\u00bb positioning_last_edited=\u00bbon|desktop\u00bb global_colors_info=\u00bb{}\u00bb]<!-- AddToAny BEGIN --><!-- [et_pb_line_break_holder] --><a class=\"a2a_dd\" href=\"https:\/\/www.addtoany.com\/share\" style=\"background: black;<!-- [et_pb_line_break_holder] -->    font-size: 18px;<!-- [et_pb_line_break_holder] -->    color: white;<!-- [et_pb_line_break_holder] -->    padding: 10px;text-transform: uppercase;\u00bb><!-- [et_pb_line_break_holder] -->  <svg style=\"width: 20px;\" aria-hidden=\"true\" focusable=\"false\" data-prefix=\"fas\" data-icon=\"share-square\" role=\"img\" xmlns=\"http:\/\/www.w3.org\/2000\/svg\" viewbox=\"0 0 576 512\" data-fa-i2svg=\"\"><path fill=\"currentColor\" d=\"M568.482 177.448L424.479 313.433C409.3 327.768 384 317.14 384 295.985v-71.963c-144.575.97-205.566 35.113-164.775 171.353 4.483 14.973-12.846 26.567-25.006 17.33C155.252 383.105 120 326.488 120 269.339c0-143.937 117.599-172.5 264-173.312V24.012c0-21.174 25.317-31.768 40.479-17.448l144.003 135.988c10.02 9.463 10.028 25.425 0 34.896zM384 379.128V448H64V128h50.916a11.99 11.99 0 0 0 8.648-3.693c14.953-15.568 32.237-27.89 51.014-37.676C185.708 80.83 181.584 64 169.033 64H48C21.49 64 0 85.49 0 112v352c0 26.51 21.49 48 48 48h352c26.51 0 48-21.49 48-48v-88.806c0-8.288-8.197-14.066-16.011-11.302a71.83 71.83 0 0 1-34.189 3.377c-7.27-1.046-13.8 4.514-13.8 11.859z\"><\/path><\/svg><!-- [et_pb_line_break_holder] -->  COMPARTILHAR<!-- [et_pb_line_break_holder] --><\/a><!-- [et_pb_line_break_holder] --><script async src=\"https:\/\/static.addtoany.com\/menu\/page.js\"><\/script><!-- [et_pb_line_break_holder] --><!-- AddToAny END -->[\/et_pb_code][et_pb_text _builder_version=\u00bb4.27.5&#8243; _module_preset=\u00bbdefault\u00bb text_font=\u00bb|700|||||||\u00bb text_font_size=\u00bb25px\u00bb width=\u00bb78%\u00bb width_tablet=\u00bb\u00bb width_phone=\u00bb100%\u00bb width_last_edited=\u00bbon|phone\u00bb custom_margin=\u00bb||5px|||\u00bb global_colors_info=\u00bb{}\u00bb]<\/p>\n<p class=\"p1\">Juventud nazarena de El Alto renueva su llamado en el congreso \u201cRenueva el Fuego que hay en nuestra misi\u00f3n\u201d<\/p>\n<p>[\/et_pb_text][et_pb_post_title title=\u00bboff\u00bb comments=\u00bboff\u00bb module_class=\u00bbtituloNoti\u00bb _builder_version=\u00bb4.16&#8243; _module_preset=\u00bbdefault\u00bb width_tablet=\u00bb\u00bb width_phone=\u00bb\u00bb width_last_edited=\u00bbon|phone\u00bb custom_padding=\u00bb|0px|||false|false\u00bb custom_padding_tablet=\u00bb|0px|||false|false\u00bb custom_padding_phone=\u00bb|0px|||false|false\u00bb custom_padding_last_edited=\u00bbon|phone\u00bb border_color_right=\u00bb#e8e8e8&#8243; border_width_right_tablet=\u00bb0px\u00bb border_width_right_phone=\u00bb\u00bb border_width_right_last_edited=\u00bbon|desktop\u00bb global_colors_info=\u00bb{}\u00bb][\/et_pb_post_title][et_pb_text _builder_version=\u00bb4.27.5&#8243; _module_preset=\u00bbdefault\u00bb text_font_size=\u00bb17px\u00bb global_colors_info=\u00bb{}\u00bb]<\/p>\n<p style=\"margin: 0cm 0cm 15pt; text-align: justify;\"><b><span style=\"font-family: 'Arial',sans-serif; color: black;\">(CNAS Bolivia) <\/span><\/b>En fechas 22 y 23 de noviembre se llev\u00f3 a cabo en la ciudad de El Alto, Bolivia, el congreso juvenil \u201cRenueva el Fuego que hay en nuestra misi\u00f3n\u201d, organizado por la Juventud Nazarena Internacional (JNI) del Distrito El Alto Noroeste.<\/p>\n<p class=\"p1\">El encuentro tuvo como prop\u00f3sito renovar la vida espiritual de los j\u00f3venes l\u00edderes, fortaleciendo su fe y pasi\u00f3n por el evangelismo. A lo largo del congreso se les record\u00f3 que su llamado es permanente y se les anim\u00f3 a seguir participando activamente en la extensi\u00f3n del Reino de Dios, viviendo su misi\u00f3n con intencionalidad y entrega.<\/p>\n<p class=\"p1\">Durante la jornada del s\u00e1bado se desarrollaron tres conferencias centrales. La primera, \u201cLlamado urgente al evangelismo\u201d, fue compartida por el Rvdo. Germ\u00e1n Espinoza, quien desafi\u00f3 a los participantes a asumir con seriedad su rol como mensajeros de las buenas nuevas. En la segunda, \u201cEl fuego que no se apaga\u201d, el Hno. Pablo Su\u00e1rez enfatiz\u00f3 la necesidad de mantener una vida llena del Esp\u00edritu. Finalmente, en la conferencia \u201cVisi\u00f3n generacional\u201d, el Pr. Juan Jos\u00e9 Paredes llam\u00f3 a los j\u00f3venes a pensar en la misi\u00f3n m\u00e1s all\u00e1 de su propia generaci\u00f3n, abrazando una perspectiva de legado.<\/p>\n<p class=\"p1\">En el marco del congreso se realiz\u00f3 tambi\u00e9n un llamado especial al compromiso con la misi\u00f3n, en el que varios j\u00f3venes se integraron al equipo de Voluntariado Evandis (Evangelismo y Discipulado), dirigido por el Pr. Abraham Condori, reafirmando as\u00ed su deseo de servir a Dios y a la Iglesia en forma m\u00e1s intencional.<\/p>\n<p class=\"p1\">El domingo se llev\u00f3 a cabo la conferencia virtual \u201cViviendo el llamado\u201d, a cargo del Rvdo. Joan Camacaro, quien comparti\u00f3 desde Italia su experiencia como misionero en aquel pa\u00eds, inspirando a los asistentes a considerar la misi\u00f3n m\u00e1s all\u00e1 de sus fronteras. El congreso concluy\u00f3 con la pr\u00e9dica central \u201cCuando el fuego se enfr\u00eda\u201d, basada en 2 Timoteo 1:6, presentada por el Rvdo. Herman Alc\u00e1ntara.<\/p>\n<p class=\"p1\">En su mensaje final, el Rvdo. Alc\u00e1ntara desafi\u00f3 a los j\u00f3venes a mantener viva la llama del Esp\u00edritu y a limpiar el \u201caltar del coraz\u00f3n\u201d de todo aquello que apaga el fuego. Utilizando la met\u00e1fora de las \u201ccenizas\u201d, los anim\u00f3 a dejar atr\u00e1s heridas del pasado, culpa, orgullo, cansancio o autosuficiencia, para permitir que el Esp\u00edritu Santo vuelva a arder con poder. Tambi\u00e9n les invit\u00f3 a \u201cechar la le\u00f1a\u201d cada d\u00eda, simbolizando la oraci\u00f3n, la lectura de la Palabra, la adoraci\u00f3n y el servicio, recordando que mantener el fuego encendido es una responsabilidad personal y constante.<\/p>\n<p class=\"p1\">Con la participaci\u00f3n de m\u00e1s de 80 asistentes, el congreso fue un tiempo especial de renovaci\u00f3n espiritual. Durante ambos d\u00edas, el Se\u00f1or habl\u00f3 a los corazones a trav\u00e9s de la predicaci\u00f3n de la Palabra, los tiempos de alabanza y los momentos de intercesi\u00f3n, trayendo fortaleza y avivamiento a los j\u00f3venes y l\u00edderes presentes. Muchos regresaron a sus iglesias y comunidades con el compromiso renovado de vivir su llamado y de avivar el fuego de la misi\u00f3n donde Dios les ha colocado.<\/p>\n<p style=\"margin: 0cm 0cm 15pt; text-align: justify;\"><b><i><span style=\"font-family: 'Arial',sans-serif; color: black;\">Fonte <\/span><\/i><\/b><i><span style=\"font-family: 'Arial',sans-serif; color: black;\">Comunicaciones Bolivia.<\/span><\/i><\/p>\n<p>[\/et_pb_text][\/et_pb_column][\/et_pb_row][et_pb_row disabled_on=\u00bbon|on|on\u00bb _builder_version=\u00bb4.16&#8243; _module_preset=\u00bbdefault\u00bb disabled=\u00bbon\u00bb global_colors_info=\u00bb{}\u00bb][et_pb_column type=\u00bb4_4&#8243; _builder_version=\u00bb4.16&#8243; _module_preset=\u00bbdefault\u00bb global_colors_info=\u00bb{}\u00bb][et_pb_text disabled_on=\u00bboff|off|off\u00bb _builder_version=\u00bb4.16&#8243; _module_preset=\u00bbdefault\u00bb text_text_color=\u00bb#0C71C3&#8243; text_font_size=\u00bb23px\u00bb text_orientation=\u00bbcenter\u00bb global_colors_info=\u00bb{}\u00bb]<\/p>\n<p>CONTENIDO EN PORTUGUES<\/p>\n<p>[\/et_pb_text][\/et_pb_column][\/et_pb_row][et_pb_row module_class=\u00bbportugues\u00bb _builder_version=\u00bb4.16&#8243; _module_preset=\u00bbdefault\u00bb width=\u00bb100%\u00bb global_colors_info=\u00bb{}\u00bb][et_pb_column type=\u00bb4_4&#8243; module_class=\u00bbcolLeft\u00bb _builder_version=\u00bb4.16&#8243; _module_preset=\u00bbdefault\u00bb custom_padding=\u00bb|50px|||false|false\u00bb custom_padding_tablet=\u00bb|20px||20px|false|true\u00bb custom_padding_phone=\u00bb\u00bb custom_padding_last_edited=\u00bbon|phone\u00bb border_color_all=\u00bb#e0e0e0&#8243; border_width_right_tablet=\u00bb0px\u00bb border_width_right_phone=\u00bb0px\u00bb border_width_right_last_edited=\u00bbon|desktop\u00bb global_colors_info=\u00bb{}\u00bb][et_pb_code admin_label=\u00bbCode\u00bb _builder_version=\u00bb4.16&#8243; _module_preset=\u00bbdefault\u00bb background_enable_color=\u00bboff\u00bb positioning=\u00bbabsolute\u00bb position_origin_a=\u00bbtop_right\u00bb vertical_offset=\u00bb10px\u00bb horizontal_offset=\u00bb50px\u00bb z_index=\u00bb137&#8243; vertical_offset_tablet=\u00bb\u00bb vertical_offset_phone=\u00bb-45px\u00bb vertical_offset_last_edited=\u00bbon|phone\u00bb horizontal_offset_tablet=\u00bb20px\u00bb horizontal_offset_phone=\u00bb\u00bb horizontal_offset_last_edited=\u00bbon|phone\u00bb position_origin_a_tablet=\u00bb\u00bb position_origin_a_phone=\u00bb\u00bb position_origin_a_last_edited=\u00bbon|desktop\u00bb position_origin_f_tablet=\u00bb\u00bb position_origin_f_phone=\u00bb\u00bb position_origin_f_last_edited=\u00bbon|desktop\u00bb position_origin_r_tablet=\u00bb\u00bb position_origin_r_phone=\u00bb\u00bb position_origin_r_last_edited=\u00bbon|desktop\u00bb text_orientation=\u00bbright\u00bb width=\u00bb190px\u00bb height=\u00bb30px\u00bb positioning_tablet=\u00bb\u00bb positioning_phone=\u00bb\u00bb positioning_last_edited=\u00bbon|desktop\u00bb global_colors_info=\u00bb{}\u00bb]<!-- AddToAny BEGIN --><!-- [et_pb_line_break_holder] --><a class=\"a2a_dd\" href=\"https:\/\/www.addtoany.com\/share\" style=\"background: black;<!-- [et_pb_line_break_holder] -->    font-size: 18px;<!-- [et_pb_line_break_holder] -->    color: white;<!-- [et_pb_line_break_holder] -->    padding: 10px;text-transform: uppercase;\u00bb><!-- [et_pb_line_break_holder] -->  <svg style=\"width: 20px;\" aria-hidden=\"true\" focusable=\"false\" data-prefix=\"fas\" data-icon=\"share-square\" role=\"img\" xmlns=\"http:\/\/www.w3.org\/2000\/svg\" viewbox=\"0 0 576 512\" data-fa-i2svg=\"\"><path fill=\"currentColor\" d=\"M568.482 177.448L424.479 313.433C409.3 327.768 384 317.14 384 295.985v-71.963c-144.575.97-205.566 35.113-164.775 171.353 4.483 14.973-12.846 26.567-25.006 17.33C155.252 383.105 120 326.488 120 269.339c0-143.937 117.599-172.5 264-173.312V24.012c0-21.174 25.317-31.768 40.479-17.448l144.003 135.988c10.02 9.463 10.028 25.425 0 34.896zM384 379.128V448H64V128h50.916a11.99 11.99 0 0 0 8.648-3.693c14.953-15.568 32.237-27.89 51.014-37.676C185.708 80.83 181.584 64 169.033 64H48C21.49 64 0 85.49 0 112v352c0 26.51 21.49 48 48 48h352c26.51 0 48-21.49 48-48v-88.806c0-8.288-8.197-14.066-16.011-11.302a71.83 71.83 0 0 1-34.189 3.377c-7.27-1.046-13.8 4.514-13.8 11.859z\"><\/path><\/svg><!-- [et_pb_line_break_holder] -->  Compartilhar<!-- [et_pb_line_break_holder] --><\/a><!-- [et_pb_line_break_holder] --><script async src=\"https:\/\/static.addtoany.com\/menu\/page.js\"><\/script><!-- [et_pb_line_break_holder] --><!-- AddToAny END -->[\/et_pb_code][et_pb_text _builder_version=\u00bb4.27.5&#8243; _module_preset=\u00bbdefault\u00bb text_font=\u00bb|700|||||||\u00bb text_font_size=\u00bb25px\u00bb width=\u00bb78%\u00bb width_tablet=\u00bb\u00bb width_phone=\u00bb100%\u00bb width_last_edited=\u00bbon|phone\u00bb custom_margin=\u00bb||5px|||\u00bb global_colors_info=\u00bb{}\u00bb]<\/p>\n<p class=\"p1\">Juventude nazarena de El Alto renova seu chamado no congresso \u201cReaviva o fogo que h\u00e1 em nossa miss\u00e3o\u201d<\/p>\n<p>[\/et_pb_text][et_pb_post_title title=\u00bboff\u00bb comments=\u00bboff\u00bb module_class=\u00bbtituloNoti\u00bb _builder_version=\u00bb4.16&#8243; _module_preset=\u00bbdefault\u00bb width_tablet=\u00bb\u00bb width_phone=\u00bb\u00bb width_last_edited=\u00bbon|phone\u00bb custom_padding=\u00bb|0px|||false|false\u00bb custom_padding_tablet=\u00bb|0px|||false|false\u00bb custom_padding_phone=\u00bb|0px|||false|false\u00bb custom_padding_last_edited=\u00bbon|phone\u00bb border_color_right=\u00bb#e8e8e8&#8243; border_width_right_tablet=\u00bb0px\u00bb border_width_right_phone=\u00bb\u00bb border_width_right_last_edited=\u00bbon|desktop\u00bb global_colors_info=\u00bb{}\u00bb][\/et_pb_post_title][et_pb_text _builder_version=\u00bb4.27.5&#8243; _module_preset=\u00bbdefault\u00bb text_font_size=\u00bb17px\u00bb global_colors_info=\u00bb{}\u00bb]<\/p>\n<p style=\"text-align: justify;\"><strong>(CNAS Bol\u00edvia<em>) <\/em><\/strong>Nos dias 22 e 23 de novembro, foi realizado na cidade de El Alto, Bol\u00edvia, o congresso juvenil \u201cReaviva o fogo que h\u00e1 em nossa miss\u00e3o\u201d, organizado pela Juventude Nazarena Internacional (JNI) do Distrito El Alto Noroeste.<br \/>O encontro teve como prop\u00f3sito renovar a vida espiritual dos jovens l\u00edderes, fortalecendo sua f\u00e9 e paix\u00e3o pelo evangelismo. Ao longo do congresso, eles foram lembrados de que seu chamado \u00e9 permanente e foram motivados a seguir participando ativamente na expans\u00e3o do Reino de Deus, vivendo sua miss\u00e3o com intencionalidade e entrega.<\/p>\n<p class=\"p1\">No s\u00e1bado, foram desenvolvidas tr\u00eas confer\u00eancias centrais. A primeira, \u201cChamado urgente ao evangelismo\u201d, foi ministrada pelo Revdo. Germ\u00e1n Espinoza, que desafiou os participantes a assumirem com seriedade seu papel como mensageiros das boas-novas. Na segunda, \u201cO fogo que n\u00e3o se apaga\u201d, o Irm\u00e3o Pablo Su\u00e1rez enfatizou a necessidade de manter uma vida cheia do Esp\u00edrito. Por fim, na confer\u00eancia \u201cVis\u00e3o geracional\u201d, o Pr. Juan Jos\u00e9 Paredes convidou os jovens a pensar a miss\u00e3o para al\u00e9m de sua pr\u00f3pria gera\u00e7\u00e3o, abra\u00e7ando uma perspectiva de legado.<\/p>\n<p class=\"p1\">No contexto do congresso, tamb\u00e9m foi feito um chamado especial ao compromisso com a miss\u00e3o, no qual v\u00e1rios jovens se integraram \u00e0 equipe de voluntariado Evandis (Evangelismo e Discipulado), liderada pelo Pr. Abraham Condori, reafirmando assim seu desejo de servir a Deus e \u00e0 Igreja de forma mais intencional.<\/p>\n<p class=\"p1\">No domingo, foi realizada a confer\u00eancia virtual \u201cVivendo o chamado\u201d, com o Revdo. Joan Camacaro, que compartilhou, diretamente da It\u00e1lia, sua experi\u00eancia como mission\u00e1rio naquele pa\u00eds, inspirando os participantes a considerar a miss\u00e3o para al\u00e9m de suas fronteiras. O congresso foi encerrado com a mensagem central \u201cQuando o fogo esfria\u201d, baseada em 2 Tim\u00f3teo 1:6, ministrada pelo Revdo. Herman Alc\u00e1ntara.<\/p>\n<p class=\"p1\">Em sua mensagem final, o Revdo. Alc\u00e1ntara desafiou os jovens a manter viva a chama do Esp\u00edrito e a limpar o \u201caltar do cora\u00e7\u00e3o\u201d de tudo aquilo que apaga o fogo. Utilizando a met\u00e1fora das \u201ccinzas\u201d, ele os exortou a deixar para tr\u00e1s feridas do passado, culpa, orgulho, cansa\u00e7o ou autossufici\u00eancia, para permitir que o Esp\u00edrito Santo volte a arder com poder. Tamb\u00e9m os incentivou a \u201ccolocar lenha\u201d todos os dias, simbolizando a ora\u00e7\u00e3o, a leitura da Palavra, a adora\u00e7\u00e3o e o servi\u00e7o, lembrando que manter o fogo aceso \u00e9 uma responsabilidade pessoal e constante.<\/p>\n<p class=\"p1\">Com a participa\u00e7\u00e3o de mais de 80 pessoas, o congresso foi um tempo especial de renova\u00e7\u00e3o espiritual. Durante os dois dias, o Senhor falou aos cora\u00e7\u00f5es por meio da prega\u00e7\u00e3o da Palavra, dos momentos de louvor e das intercess\u00f5es, trazendo fortalecimento e avivamento aos jovens e l\u00edderes presentes. Muitos retornaram \u00e0s suas igrejas e comunidades com o compromisso renovado de viver seu chamado e de manter aceso o fogo da miss\u00e3o onde Deus os colocou.<\/p>\n<p class=\"p2\">\n<p style=\"text-align: justify;\"><strong><em>Fonte: <\/em><\/strong><em>Comunica\u00e7\u00f5es Bol\u00edvia.<\/em><\/p>\n<p>[\/et_pb_text][\/et_pb_column][\/et_pb_row][et_pb_row _builder_version=\u00bb4.16&#8243; _module_preset=\u00bbdefault\u00bb width=\u00bb100%\u00bb global_colors_info=\u00bb{}\u00bb][et_pb_column type=\u00bb4_4&#8243; module_class=\u00bbcolLeft\u00bb _builder_version=\u00bb4.16&#8243; _module_preset=\u00bbdefault\u00bb custom_padding=\u00bb|50px|||false|false\u00bb custom_padding_tablet=\u00bb|20px||20px|false|true\u00bb custom_padding_phone=\u00bb\u00bb custom_padding_last_edited=\u00bbon|phone\u00bb border_color_all=\u00bb#e0e0e0&#8243; border_width_right_tablet=\u00bb0px\u00bb border_width_right_phone=\u00bb0px\u00bb border_width_right_last_edited=\u00bbon|desktop\u00bb global_colors_info=\u00bb{}\u00bb][et_pb_gallery gallery_ids=\u00bb50205,50204,50203,50202,50201,50200,50199&#8243; posts_number=\u00bb8&#8243; show_title_and_caption=\u00bboff\u00bb zoom_icon_color=\u00bb#E02B20&#8243; hover_overlay_color=\u00bb#FFFFFF\u00bb hover_icon=\u00bb&#x54;||divi||400&#8243; _builder_version=\u00bb4.27.5&#8243; _module_preset=\u00bbdefault\u00bb title_font_size=\u00bb0px\u00bb width=\u00bb100%\u00bb module_alignment=\u00bbcenter\u00bb global_colors_info=\u00bb{}\u00bb][\/et_pb_gallery][\/et_pb_column][\/et_pb_row][\/et_pb_section]<\/p>\n<span class=\"et_bloom_bottom_trigger\"><\/span>","protected":false},"excerpt":{"rendered":"<p>CONTENIDO EN ESPA\u00d1OL<\/p>","protected":false},"author":4,"featured_media":50202,"comment_status":"open","ping_status":"open","sticky":false,"template":"","format":"standard","meta":{"_et_pb_use_builder":"on","_et_pb_old_content":"","_et_gb_content_width":"","_monsterinsights_skip_tracking":false,"_monsterinsights_sitenote_active":false,"_monsterinsights_sitenote_note":"","_monsterinsights_sitenote_category":0,"_vp_format_video_url":"","_vp_image_focal_point":[],"footnotes":""},"categories":[134,52,50,1],"tags":[],"class_list":["post-50210","post","type-post","status-publish","format-standard","has-post-thumbnail","hentry","category-america-del-sur","category-bolivia","category-jni","category-noticia"],"yoast_head":"<!-- This site is optimized with the Yoast SEO Premium plugin v23.6 (Yoast SEO v27.5) - https:\/\/yoast.com\/product\/yoast-seo-premium-wordpress\/ -->\n<title>Juventud nazarena de El Alto renueva su llamado en el congreso \u201cRenueva el Fuego que hay en nuestra misi\u00f3n\u201d | Iglesia del Nazareno Am\u00e9rica del Sur<\/title>\n<meta name=\"description\" content=\"Noticia\" \/>\n<meta name=\"robots\" content=\"noindex, follow\" \/>\n<meta property=\"og:locale\" content=\"pt_BR\" \/>\n<meta property=\"og:type\" content=\"article\" \/>\n<meta property=\"og:title\" content=\"Juventud nazarena de El Alto renueva su llamado en el congreso \u201cRenueva el Fuego que hay en nuestra misi\u00f3n\u201d | Iglesia del Nazareno Am\u00e9rica del Sur\" \/>\n<meta property=\"og:description\" content=\"Noticia\" \/>\n<meta property=\"og:url\" content=\"https:\/\/www.samnaz.org\/pt\/juventud-nazarena-de-el-alto-renueva-su-llamado-en-el-congreso-renueva-el-fuego-que-hay-en-nuestra-mision\/\" \/>\n<meta property=\"og:site_name\" content=\"Iglesia del Nazareno Am\u00e9rica del Sur\" \/>\n<meta property=\"article:publisher\" content=\"https:\/\/www.facebook.com\/NazarenoEsp\" \/>\n<meta property=\"article:published_time\" content=\"2025-12-10T19:08:36+00:00\" \/>\n<meta property=\"article:modified_time\" content=\"2025-12-10T19:13:56+00:00\" \/>\n<meta property=\"og:image\" content=\"https:\/\/www.samnaz.org\/wp-content\/uploads\/2025\/12\/IMG_2463-2.jpg\" \/>\n\t<meta property=\"og:image:width\" content=\"1920\" \/>\n\t<meta property=\"og:image:height\" content=\"1080\" \/>\n\t<meta property=\"og:image:type\" content=\"image\/jpeg\" \/>\n<meta name=\"author\" content=\"Samnaz\" \/>\n<meta name=\"twitter:card\" content=\"summary_large_image\" \/>\n<meta name=\"twitter:label1\" content=\"Escrito por\" \/>\n\t<meta name=\"twitter:data1\" content=\"Samnaz\" \/>\n\t<meta name=\"twitter:label2\" content=\"Est. tempo de leitura\" \/>\n\t<meta name=\"twitter:data2\" content=\"7 minutos\" \/>\n<script type=\"application\/ld+json\" class=\"yoast-schema-graph\">{\"@context\":\"https:\\\/\\\/schema.org\",\"@graph\":[{\"@type\":\"Article\",\"@id\":\"https:\\\/\\\/www.samnaz.org\\\/juventud-nazarena-de-el-alto-renueva-su-llamado-en-el-congreso-renueva-el-fuego-que-hay-en-nuestra-mision\\\/#article\",\"isPartOf\":{\"@id\":\"https:\\\/\\\/www.samnaz.org\\\/juventud-nazarena-de-el-alto-renueva-su-llamado-en-el-congreso-renueva-el-fuego-que-hay-en-nuestra-mision\\\/\"},\"author\":{\"name\":\"Samnaz\",\"@id\":\"https:\\\/\\\/www.samnaz.org\\\/#\\\/schema\\\/person\\\/c09d1131c49ba510c7e1cbb677b39927\"},\"headline\":\"Juventud nazarena de El Alto renueva su llamado en el congreso \u201cRenueva el Fuego que hay en nuestra misi\u00f3n\u201d\",\"datePublished\":\"2025-12-10T19:08:36+00:00\",\"dateModified\":\"2025-12-10T19:13:56+00:00\",\"mainEntityOfPage\":{\"@id\":\"https:\\\/\\\/www.samnaz.org\\\/juventud-nazarena-de-el-alto-renueva-su-llamado-en-el-congreso-renueva-el-fuego-que-hay-en-nuestra-mision\\\/\"},\"wordCount\":304,\"commentCount\":0,\"publisher\":{\"@id\":\"https:\\\/\\\/www.samnaz.org\\\/#organization\"},\"image\":{\"@id\":\"https:\\\/\\\/www.samnaz.org\\\/juventud-nazarena-de-el-alto-renueva-su-llamado-en-el-congreso-renueva-el-fuego-que-hay-en-nuestra-mision\\\/#primaryimage\"},\"thumbnailUrl\":\"https:\\\/\\\/www.samnaz.org\\\/wp-content\\\/uploads\\\/2025\\\/12\\\/IMG_2463-2.jpg\",\"articleSection\":[\"Am\u00e9rica del Sur\",\"Bolivia\",\"JNI\",\"Noticia\"],\"inLanguage\":\"pt-BR\",\"potentialAction\":[{\"@type\":\"CommentAction\",\"name\":\"Comment\",\"target\":[\"https:\\\/\\\/www.samnaz.org\\\/juventud-nazarena-de-el-alto-renueva-su-llamado-en-el-congreso-renueva-el-fuego-que-hay-en-nuestra-mision\\\/#respond\"]}]},{\"@type\":\"WebPage\",\"@id\":\"https:\\\/\\\/www.samnaz.org\\\/juventud-nazarena-de-el-alto-renueva-su-llamado-en-el-congreso-renueva-el-fuego-que-hay-en-nuestra-mision\\\/\",\"url\":\"https:\\\/\\\/www.samnaz.org\\\/juventud-nazarena-de-el-alto-renueva-su-llamado-en-el-congreso-renueva-el-fuego-que-hay-en-nuestra-mision\\\/\",\"name\":\"Juventud nazarena de El Alto renueva su llamado en el congreso \u201cRenueva el Fuego que hay en nuestra misi\u00f3n\u201d | Iglesia del Nazareno Am\u00e9rica del Sur\",\"isPartOf\":{\"@id\":\"https:\\\/\\\/www.samnaz.org\\\/#website\"},\"primaryImageOfPage\":{\"@id\":\"https:\\\/\\\/www.samnaz.org\\\/juventud-nazarena-de-el-alto-renueva-su-llamado-en-el-congreso-renueva-el-fuego-que-hay-en-nuestra-mision\\\/#primaryimage\"},\"image\":{\"@id\":\"https:\\\/\\\/www.samnaz.org\\\/juventud-nazarena-de-el-alto-renueva-su-llamado-en-el-congreso-renueva-el-fuego-que-hay-en-nuestra-mision\\\/#primaryimage\"},\"thumbnailUrl\":\"https:\\\/\\\/www.samnaz.org\\\/wp-content\\\/uploads\\\/2025\\\/12\\\/IMG_2463-2.jpg\",\"datePublished\":\"2025-12-10T19:08:36+00:00\",\"dateModified\":\"2025-12-10T19:13:56+00:00\",\"description\":\"Noticia\",\"inLanguage\":\"pt-BR\",\"potentialAction\":[{\"@type\":\"ReadAction\",\"target\":[\"https:\\\/\\\/www.samnaz.org\\\/juventud-nazarena-de-el-alto-renueva-su-llamado-en-el-congreso-renueva-el-fuego-que-hay-en-nuestra-mision\\\/\"]}]},{\"@type\":\"ImageObject\",\"inLanguage\":\"pt-BR\",\"@id\":\"https:\\\/\\\/www.samnaz.org\\\/juventud-nazarena-de-el-alto-renueva-su-llamado-en-el-congreso-renueva-el-fuego-que-hay-en-nuestra-mision\\\/#primaryimage\",\"url\":\"https:\\\/\\\/www.samnaz.org\\\/wp-content\\\/uploads\\\/2025\\\/12\\\/IMG_2463-2.jpg\",\"contentUrl\":\"https:\\\/\\\/www.samnaz.org\\\/wp-content\\\/uploads\\\/2025\\\/12\\\/IMG_2463-2.jpg\",\"width\":1920,\"height\":1080},{\"@type\":\"WebSite\",\"@id\":\"https:\\\/\\\/www.samnaz.org\\\/#website\",\"url\":\"https:\\\/\\\/www.samnaz.org\\\/\",\"name\":\"Haciendo Disc\u00edpulos Semejantes a Cristo en las naciones\",\"description\":\"Haciendo disc\u00edpulos semejantes a Cristo en las Naciones\",\"publisher\":{\"@id\":\"https:\\\/\\\/www.samnaz.org\\\/#organization\"},\"alternateName\":\"Viviendo la Gran Comisi\u00f3n\",\"potentialAction\":[{\"@type\":\"SearchAction\",\"target\":{\"@type\":\"EntryPoint\",\"urlTemplate\":\"https:\\\/\\\/www.samnaz.org\\\/?s={search_term_string}\"},\"query-input\":{\"@type\":\"PropertyValueSpecification\",\"valueRequired\":true,\"valueName\":\"search_term_string\"}}],\"inLanguage\":\"pt-BR\"},{\"@type\":\"Organization\",\"@id\":\"https:\\\/\\\/www.samnaz.org\\\/#organization\",\"name\":\"Iglesia del Nazareno Am\u00e9rica del Sur\",\"url\":\"https:\\\/\\\/www.samnaz.org\\\/\",\"logo\":{\"@type\":\"ImageObject\",\"inLanguage\":\"pt-BR\",\"@id\":\"https:\\\/\\\/www.samnaz.org\\\/#\\\/schema\\\/logo\\\/image\\\/\",\"url\":\"https:\\\/\\\/www.samnaz.org\\\/wp-content\\\/uploads\\\/2021\\\/04\\\/Logo-3-ESP.png\",\"contentUrl\":\"https:\\\/\\\/www.samnaz.org\\\/wp-content\\\/uploads\\\/2021\\\/04\\\/Logo-3-ESP.png\",\"width\":1041,\"height\":780,\"caption\":\"Iglesia del Nazareno Am\u00e9rica del Sur\"},\"image\":{\"@id\":\"https:\\\/\\\/www.samnaz.org\\\/#\\\/schema\\\/logo\\\/image\\\/\"},\"sameAs\":[\"https:\\\/\\\/www.facebook.com\\\/NazarenoEsp\",\"https:\\\/\\\/www.instagram.com\\\/nazarenoesp\\\/\"],\"publishingPrinciples\":\"https:\\\/\\\/www.samnaz.org\\\/\"},{\"@type\":\"Person\",\"@id\":\"https:\\\/\\\/www.samnaz.org\\\/#\\\/schema\\\/person\\\/c09d1131c49ba510c7e1cbb677b39927\",\"name\":\"Samnaz\",\"image\":{\"@type\":\"ImageObject\",\"inLanguage\":\"pt-BR\",\"@id\":\"https:\\\/\\\/secure.gravatar.com\\\/avatar\\\/a5baaf0e270319d09c0efce6a9dd03ff93175913c70afe26595c0069c83fa6dc?s=96&d=mm&r=g\",\"url\":\"https:\\\/\\\/secure.gravatar.com\\\/avatar\\\/a5baaf0e270319d09c0efce6a9dd03ff93175913c70afe26595c0069c83fa6dc?s=96&d=mm&r=g\",\"contentUrl\":\"https:\\\/\\\/secure.gravatar.com\\\/avatar\\\/a5baaf0e270319d09c0efce6a9dd03ff93175913c70afe26595c0069c83fa6dc?s=96&d=mm&r=g\",\"caption\":\"Samnaz\"}}]}<\/script>\n<!-- \/ Yoast SEO Premium plugin. -->","yoast_head_json":{"title":"Juventud nazarena de El Alto renueva su llamado en el congreso \u201cRenueva el Fuego que hay en nuestra misi\u00f3n\u201d | Iglesia del Nazareno Am\u00e9rica del Sur","description":"Noticia","robots":{"index":"noindex","follow":"follow"},"og_locale":"pt_BR","og_type":"article","og_title":"Juventud nazarena de El Alto renueva su llamado en el congreso \u201cRenueva el Fuego que hay en nuestra misi\u00f3n\u201d | Iglesia del Nazareno Am\u00e9rica del Sur","og_description":"Noticia","og_url":"https:\/\/www.samnaz.org\/pt\/juventud-nazarena-de-el-alto-renueva-su-llamado-en-el-congreso-renueva-el-fuego-que-hay-en-nuestra-mision\/","og_site_name":"Iglesia del Nazareno Am\u00e9rica del Sur","article_publisher":"https:\/\/www.facebook.com\/NazarenoEsp","article_published_time":"2025-12-10T19:08:36+00:00","article_modified_time":"2025-12-10T19:13:56+00:00","og_image":[{"width":1920,"height":1080,"url":"https:\/\/www.samnaz.org\/wp-content\/uploads\/2025\/12\/IMG_2463-2.jpg","type":"image\/jpeg"}],"author":"Samnaz","twitter_card":"summary_large_image","twitter_misc":{"Escrito por":"Samnaz","Est. tempo de leitura":"7 minutos"},"schema":{"@context":"https:\/\/schema.org","@graph":[{"@type":"Article","@id":"https:\/\/www.samnaz.org\/juventud-nazarena-de-el-alto-renueva-su-llamado-en-el-congreso-renueva-el-fuego-que-hay-en-nuestra-mision\/#article","isPartOf":{"@id":"https:\/\/www.samnaz.org\/juventud-nazarena-de-el-alto-renueva-su-llamado-en-el-congreso-renueva-el-fuego-que-hay-en-nuestra-mision\/"},"author":{"name":"Samnaz","@id":"https:\/\/www.samnaz.org\/#\/schema\/person\/c09d1131c49ba510c7e1cbb677b39927"},"headline":"Juventud nazarena de El Alto renueva su llamado en el congreso \u201cRenueva el Fuego que hay en nuestra misi\u00f3n\u201d","datePublished":"2025-12-10T19:08:36+00:00","dateModified":"2025-12-10T19:13:56+00:00","mainEntityOfPage":{"@id":"https:\/\/www.samnaz.org\/juventud-nazarena-de-el-alto-renueva-su-llamado-en-el-congreso-renueva-el-fuego-que-hay-en-nuestra-mision\/"},"wordCount":304,"commentCount":0,"publisher":{"@id":"https:\/\/www.samnaz.org\/#organization"},"image":{"@id":"https:\/\/www.samnaz.org\/juventud-nazarena-de-el-alto-renueva-su-llamado-en-el-congreso-renueva-el-fuego-que-hay-en-nuestra-mision\/#primaryimage"},"thumbnailUrl":"https:\/\/www.samnaz.org\/wp-content\/uploads\/2025\/12\/IMG_2463-2.jpg","articleSection":["Am\u00e9rica del Sur","Bolivia","JNI","Noticia"],"inLanguage":"pt-BR","potentialAction":[{"@type":"CommentAction","name":"Comment","target":["https:\/\/www.samnaz.org\/juventud-nazarena-de-el-alto-renueva-su-llamado-en-el-congreso-renueva-el-fuego-que-hay-en-nuestra-mision\/#respond"]}]},{"@type":"WebPage","@id":"https:\/\/www.samnaz.org\/juventud-nazarena-de-el-alto-renueva-su-llamado-en-el-congreso-renueva-el-fuego-que-hay-en-nuestra-mision\/","url":"https:\/\/www.samnaz.org\/juventud-nazarena-de-el-alto-renueva-su-llamado-en-el-congreso-renueva-el-fuego-que-hay-en-nuestra-mision\/","name":"Juventud nazarena de El Alto renueva su llamado en el congreso \u201cRenueva el Fuego que hay en nuestra misi\u00f3n\u201d | Iglesia del Nazareno Am\u00e9rica del Sur","isPartOf":{"@id":"https:\/\/www.samnaz.org\/#website"},"primaryImageOfPage":{"@id":"https:\/\/www.samnaz.org\/juventud-nazarena-de-el-alto-renueva-su-llamado-en-el-congreso-renueva-el-fuego-que-hay-en-nuestra-mision\/#primaryimage"},"image":{"@id":"https:\/\/www.samnaz.org\/juventud-nazarena-de-el-alto-renueva-su-llamado-en-el-congreso-renueva-el-fuego-que-hay-en-nuestra-mision\/#primaryimage"},"thumbnailUrl":"https:\/\/www.samnaz.org\/wp-content\/uploads\/2025\/12\/IMG_2463-2.jpg","datePublished":"2025-12-10T19:08:36+00:00","dateModified":"2025-12-10T19:13:56+00:00","description":"Noticia","inLanguage":"pt-BR","potentialAction":[{"@type":"ReadAction","target":["https:\/\/www.samnaz.org\/juventud-nazarena-de-el-alto-renueva-su-llamado-en-el-congreso-renueva-el-fuego-que-hay-en-nuestra-mision\/"]}]},{"@type":"ImageObject","inLanguage":"pt-BR","@id":"https:\/\/www.samnaz.org\/juventud-nazarena-de-el-alto-renueva-su-llamado-en-el-congreso-renueva-el-fuego-que-hay-en-nuestra-mision\/#primaryimage","url":"https:\/\/www.samnaz.org\/wp-content\/uploads\/2025\/12\/IMG_2463-2.jpg","contentUrl":"https:\/\/www.samnaz.org\/wp-content\/uploads\/2025\/12\/IMG_2463-2.jpg","width":1920,"height":1080},{"@type":"WebSite","@id":"https:\/\/www.samnaz.org\/#website","url":"https:\/\/www.samnaz.org\/","name":"Haciendo Disc\u00edpulos Semejantes a Cristo en las naciones","description":"Haciendo disc\u00edpulos semejantes a Cristo en las Naciones","publisher":{"@id":"https:\/\/www.samnaz.org\/#organization"},"alternateName":"Viviendo la Gran Comisi\u00f3n","potentialAction":[{"@type":"SearchAction","target":{"@type":"EntryPoint","urlTemplate":"https:\/\/www.samnaz.org\/?s={search_term_string}"},"query-input":{"@type":"PropertyValueSpecification","valueRequired":true,"valueName":"search_term_string"}}],"inLanguage":"pt-BR"},{"@type":"Organization","@id":"https:\/\/www.samnaz.org\/#organization","name":"Iglesia del Nazareno Am\u00e9rica del Sur","url":"https:\/\/www.samnaz.org\/","logo":{"@type":"ImageObject","inLanguage":"pt-BR","@id":"https:\/\/www.samnaz.org\/#\/schema\/logo\/image\/","url":"https:\/\/www.samnaz.org\/wp-content\/uploads\/2021\/04\/Logo-3-ESP.png","contentUrl":"https:\/\/www.samnaz.org\/wp-content\/uploads\/2021\/04\/Logo-3-ESP.png","width":1041,"height":780,"caption":"Iglesia del Nazareno Am\u00e9rica del Sur"},"image":{"@id":"https:\/\/www.samnaz.org\/#\/schema\/logo\/image\/"},"sameAs":["https:\/\/www.facebook.com\/NazarenoEsp","https:\/\/www.instagram.com\/nazarenoesp\/"],"publishingPrinciples":"https:\/\/www.samnaz.org\/"},{"@type":"Person","@id":"https:\/\/www.samnaz.org\/#\/schema\/person\/c09d1131c49ba510c7e1cbb677b39927","name":"Samnaz","image":{"@type":"ImageObject","inLanguage":"pt-BR","@id":"https:\/\/secure.gravatar.com\/avatar\/a5baaf0e270319d09c0efce6a9dd03ff93175913c70afe26595c0069c83fa6dc?s=96&d=mm&r=g","url":"https:\/\/secure.gravatar.com\/avatar\/a5baaf0e270319d09c0efce6a9dd03ff93175913c70afe26595c0069c83fa6dc?s=96&d=mm&r=g","contentUrl":"https:\/\/secure.gravatar.com\/avatar\/a5baaf0e270319d09c0efce6a9dd03ff93175913c70afe26595c0069c83fa6dc?s=96&d=mm&r=g","caption":"Samnaz"}}]}},"_links":{"self":[{"href":"https:\/\/www.samnaz.org\/pt\/wp-json\/wp\/v2\/posts\/50210","targetHints":{"allow":["GET"]}}],"collection":[{"href":"https:\/\/www.samnaz.org\/pt\/wp-json\/wp\/v2\/posts"}],"about":[{"href":"https:\/\/www.samnaz.org\/pt\/wp-json\/wp\/v2\/types\/post"}],"author":[{"embeddable":true,"href":"https:\/\/www.samnaz.org\/pt\/wp-json\/wp\/v2\/users\/4"}],"replies":[{"embeddable":true,"href":"https:\/\/www.samnaz.org\/pt\/wp-json\/wp\/v2\/comments?post=50210"}],"version-history":[{"count":6,"href":"https:\/\/www.samnaz.org\/pt\/wp-json\/wp\/v2\/posts\/50210\/revisions"}],"predecessor-version":[{"id":50218,"href":"https:\/\/www.samnaz.org\/pt\/wp-json\/wp\/v2\/posts\/50210\/revisions\/50218"}],"wp:featuredmedia":[{"embeddable":true,"href":"https:\/\/www.samnaz.org\/pt\/wp-json\/wp\/v2\/media\/50202"}],"wp:attachment":[{"href":"https:\/\/www.samnaz.org\/pt\/wp-json\/wp\/v2\/media?parent=50210"}],"wp:term":[{"taxonomy":"category","embeddable":true,"href":"https:\/\/www.samnaz.org\/pt\/wp-json\/wp\/v2\/categories?post=50210"},{"taxonomy":"post_tag","embeddable":true,"href":"https:\/\/www.samnaz.org\/pt\/wp-json\/wp\/v2\/tags?post=50210"}],"curies":[{"name":"wp","href":"https:\/\/api.w.org\/{rel}","templated":true}]}}