{"id":50381,"date":"2026-01-20T15:56:17","date_gmt":"2026-01-20T18:56:17","guid":{"rendered":"https:\/\/www.samnaz.org\/?p=50381"},"modified":"2026-01-20T16:01:55","modified_gmt":"2026-01-20T19:01:55","slug":"el-stns-celebra-su-37a-ceremonia-de-graduacion-formando-una-nueva-generacion-de-lideres-para-el-reino-de-dios","status":"publish","type":"post","link":"https:\/\/www.samnaz.org\/pt\/el-stns-celebra-su-37a-ceremonia-de-graduacion-formando-una-nueva-generacion-de-lideres-para-el-reino-de-dios\/","title":{"rendered":"El STNS celebra su 37\u00aa Ceremonia de Graduaci\u00f3n formando una nueva generaci\u00f3n de l\u00edderes para el Reino de Dios"},"content":{"rendered":"<p>[et_pb_section fb_built=\u00bb1&#8243; _builder_version=\u00bb4.16&#8243; _module_preset=\u00bbdefault\u00bb custom_padding=\u00bb0px||||false|false\u00bb global_colors_info=\u00bb{}\u00bb][et_pb_row disabled_on=\u00bbon|on|on\u00bb _builder_version=\u00bb4.16&#8243; _module_preset=\u00bbdefault\u00bb disabled=\u00bbon\u00bb global_colors_info=\u00bb{}\u00bb][et_pb_column type=\u00bb4_4&#8243; _builder_version=\u00bb4.16&#8243; _module_preset=\u00bbdefault\u00bb global_colors_info=\u00bb{}\u00bb][et_pb_text disabled_on=\u00bboff|off|off\u00bb _builder_version=\u00bb4.16&#8243; _module_preset=\u00bbdefault\u00bb text_text_color=\u00bb#0C71C3&#8243; text_font_size=\u00bb23px\u00bb text_orientation=\u00bbcenter\u00bb global_colors_info=\u00bb{}\u00bb]<\/p>\n<p>CONTENIDO EN ESPA\u00d1OL<\/p>\n<p>[\/et_pb_text][\/et_pb_column][\/et_pb_row][et_pb_row module_class=\u00bbespanol\u00bb _builder_version=\u00bb4.16&#8243; _module_preset=\u00bbdefault\u00bb width=\u00bb100%\u00bb global_colors_info=\u00bb{}\u00bb][et_pb_column type=\u00bb4_4&#8243; module_class=\u00bbcolLeft\u00bb _builder_version=\u00bb4.16&#8243; _module_preset=\u00bbdefault\u00bb custom_padding=\u00bb|50px|||false|false\u00bb custom_padding_tablet=\u00bb|20px||20px|false|true\u00bb custom_padding_phone=\u00bb\u00bb custom_padding_last_edited=\u00bbon|phone\u00bb border_color_all=\u00bb#e0e0e0&#8243; border_width_right_tablet=\u00bb0px\u00bb border_width_right_phone=\u00bb0px\u00bb border_width_right_last_edited=\u00bbon|desktop\u00bb global_colors_info=\u00bb{}\u00bb][et_pb_code admin_label=\u00bbCode\u00bb _builder_version=\u00bb4.16&#8243; _module_preset=\u00bbdefault\u00bb background_enable_color=\u00bboff\u00bb positioning=\u00bbabsolute\u00bb position_origin_a=\u00bbtop_right\u00bb vertical_offset=\u00bb10px\u00bb horizontal_offset=\u00bb50px\u00bb z_index=\u00bb137&#8243; vertical_offset_tablet=\u00bb\u00bb vertical_offset_phone=\u00bb-45px\u00bb vertical_offset_last_edited=\u00bbon|phone\u00bb horizontal_offset_tablet=\u00bb20px\u00bb horizontal_offset_phone=\u00bb\u00bb horizontal_offset_last_edited=\u00bbon|phone\u00bb position_origin_a_tablet=\u00bb\u00bb position_origin_a_phone=\u00bb\u00bb position_origin_a_last_edited=\u00bbon|desktop\u00bb position_origin_f_tablet=\u00bb\u00bb position_origin_f_phone=\u00bb\u00bb position_origin_f_last_edited=\u00bbon|desktop\u00bb position_origin_r_tablet=\u00bb\u00bb position_origin_r_phone=\u00bb\u00bb position_origin_r_last_edited=\u00bbon|desktop\u00bb text_orientation=\u00bbright\u00bb width=\u00bb160px\u00bb height=\u00bb30px\u00bb positioning_tablet=\u00bb\u00bb positioning_phone=\u00bb\u00bb positioning_last_edited=\u00bbon|desktop\u00bb global_colors_info=\u00bb{}\u00bb]<!-- AddToAny BEGIN --><!-- [et_pb_line_break_holder] --><a class=\"a2a_dd\" href=\"https:\/\/www.addtoany.com\/share\" style=\"background: black;<!-- [et_pb_line_break_holder] -->    font-size: 18px;<!-- [et_pb_line_break_holder] -->    color: white;<!-- [et_pb_line_break_holder] -->    padding: 10px;text-transform: uppercase;\u00bb><!-- [et_pb_line_break_holder] -->  <svg style=\"width: 20px;\" aria-hidden=\"true\" focusable=\"false\" data-prefix=\"fas\" data-icon=\"share-square\" role=\"img\" xmlns=\"http:\/\/www.w3.org\/2000\/svg\" viewbox=\"0 0 576 512\" data-fa-i2svg=\"\"><path fill=\"currentColor\" d=\"M568.482 177.448L424.479 313.433C409.3 327.768 384 317.14 384 295.985v-71.963c-144.575.97-205.566 35.113-164.775 171.353 4.483 14.973-12.846 26.567-25.006 17.33C155.252 383.105 120 326.488 120 269.339c0-143.937 117.599-172.5 264-173.312V24.012c0-21.174 25.317-31.768 40.479-17.448l144.003 135.988c10.02 9.463 10.028 25.425 0 34.896zM384 379.128V448H64V128h50.916a11.99 11.99 0 0 0 8.648-3.693c14.953-15.568 32.237-27.89 51.014-37.676C185.708 80.83 181.584 64 169.033 64H48C21.49 64 0 85.49 0 112v352c0 26.51 21.49 48 48 48h352c26.51 0 48-21.49 48-48v-88.806c0-8.288-8.197-14.066-16.011-11.302a71.83 71.83 0 0 1-34.189 3.377c-7.27-1.046-13.8 4.514-13.8 11.859z\"><\/path><\/svg><!-- [et_pb_line_break_holder] -->  COMPARTILHAR<!-- [et_pb_line_break_holder] --><\/a><!-- [et_pb_line_break_holder] --><script async src=\"https:\/\/static.addtoany.com\/menu\/page.js\"><\/script><!-- [et_pb_line_break_holder] --><!-- AddToAny END -->[\/et_pb_code][et_pb_text _builder_version=\u00bb4.27.5&#8243; _module_preset=\u00bbdefault\u00bb text_font=\u00bb|700|||||||\u00bb text_font_size=\u00bb25px\u00bb width=\u00bb78%\u00bb width_tablet=\u00bb\u00bb width_phone=\u00bb100%\u00bb width_last_edited=\u00bbon|phone\u00bb custom_margin=\u00bb||5px|||\u00bb global_colors_info=\u00bb{}\u00bb]<\/p>\n<p class=\"p1\">El STNS celebra su 37\u00aa Ceremonia de Graduaci\u00f3n formando una nueva generaci\u00f3n de l\u00edderes para el Reino de Dios<\/p>\n<p>[\/et_pb_text][et_pb_post_title title=\u00bboff\u00bb comments=\u00bboff\u00bb module_class=\u00bbtituloNoti\u00bb _builder_version=\u00bb4.16&#8243; _module_preset=\u00bbdefault\u00bb width_tablet=\u00bb\u00bb width_phone=\u00bb\u00bb width_last_edited=\u00bbon|phone\u00bb custom_padding=\u00bb|0px|||false|false\u00bb custom_padding_tablet=\u00bb|0px|||false|false\u00bb custom_padding_phone=\u00bb|0px|||false|false\u00bb custom_padding_last_edited=\u00bbon|phone\u00bb border_color_right=\u00bb#e8e8e8&#8243; border_width_right_tablet=\u00bb0px\u00bb border_width_right_phone=\u00bb\u00bb border_width_right_last_edited=\u00bbon|desktop\u00bb global_colors_info=\u00bb{}\u00bb][\/et_pb_post_title][et_pb_text _builder_version=\u00bb4.27.5&#8243; _module_preset=\u00bbdefault\u00bb text_font_size=\u00bb17px\u00bb global_colors_info=\u00bb{}\u00bb]<\/p>\n<p style=\"margin: 0cm 0cm 15pt; text-align: justify;\"><b><span style=\"font-family: 'Arial',sans-serif; color: black;\">(CNAS Ecuador) <\/span><\/b>El dia 29 de noviembre, en la ciudad de Quito, Ecuador, el Seminario Teol\u00f3gico Nazareno Sudamericano (STNS) celebr\u00f3 su 37\u00aa Ceremonia de Graduaci\u00f3n en un ambiente de gozo, reverencia y profunda gratitud a Dios, marcando un hito significativo para la instituci\u00f3n y para la Iglesia del Nazareno en la regi\u00f3n.<\/p>\n<p class=\"p1\">En esta ocasi\u00f3n, 125 estudiantes culminaron satisfactoriamente su formaci\u00f3n acad\u00e9mica en los programas de Diplomado en Estudios Interculturales, Diplomado en Ministerios Juveniles, Diplomado en Educaci\u00f3n Cristiana, Bachillerato Superior en Teolog\u00eda, Licenciatura Ministerial en Teolog\u00eda y Maestr\u00eda en Ministerio con \u00e9nfasis en Liderazgo Pastoral. Los graduados representan una nueva generaci\u00f3n de l\u00edderes preparados para servir al Reino de Dios con excelencia, compromiso y pasi\u00f3n ministerial.<\/p>\n<p class=\"p1\">Uno de los momentos m\u00e1s destacados de la ceremonia fue el mensaje del Dr. Juan Carlos Melo, Director Latinoamericano de la Red de Multiplicaci\u00f3n de Iglesias, quien exhort\u00f3 a los graduandos record\u00e1ndoles que la formaci\u00f3n ministerial no concluye con la obtenci\u00f3n del diploma, sino que cobra sentido al ser vivida y aplicada fielmente en los contextos reales de servicio.<\/p>\n<p class=\"p1\">El discurso en representaci\u00f3n de los estudiantes estuvo a cargo del Rev. Jimmy de Gouveia, graduado de la Maestr\u00eda Ministerial con \u00e9nfasis en Liderazgo Pastoral y actual Director Regional de Mesoam\u00e9rica. Con palabras de gratitud y desaf\u00edo, anim\u00f3 a sus compa\u00f1eros a ejercer un ministerio centrado en Cristo, sensible a las necesidades de la comunidad y fiel al ADN misional de la Iglesia del Nazareno.<\/p>\n<p class=\"p1\">Durante el acto, el Dr. Roberto Quinatoa, rector del STNS, subray\u00f3 la importancia de la ocasi\u00f3n y expres\u00f3: <i>\u201cCelebramos el esfuerzo de todos quienes formamos parte de la familia del STNS: estudiantes, profesores, administrativos, pastores, superintendentes, l\u00edderes regionales y la Iglesia del Nazareno global. Dios ha sido bueno durante todo este tiempo\u201d<\/i>. Asimismo, el Rev. Freddy Benavidez anunci\u00f3 la ratificaci\u00f3n un\u00e1nime del Dr. Quinatoa para continuar en su servicio como rector por dos a\u00f1os m\u00e1s, decisi\u00f3n tomada por la Junta de Regentes.<\/p>\n<p class=\"p1\">La jornada concluy\u00f3 reafirmando el compromiso del STNS con su misi\u00f3n de formar siervos y siervas que no solo adquieran conocimiento acad\u00e9mico, sino que vivan y proclamen la santidad b\u00edblica con convicci\u00f3n y amor. La 37\u00aa promoci\u00f3n queda como un testimonio vivo de la fidelidad de Dios y del trabajo conjunto de una comunidad educativa dedicada a preparar l\u00edderes humildes y apasionados para el servicio en el Reino.<\/p>\n<p class=\"p2\">\n<p style=\"margin: 0cm 0cm 15pt; text-align: justify;\"><b><span style=\"font-family: 'Arial',sans-serif; color: black;\"><\/span><\/b><span style=\"font-family: 'Arial',sans-serif; color: black;\"><\/span><b><i><span style=\"font-family: 'Arial',sans-serif; color: black;\">Fonte <\/span><\/i><\/b><i><span style=\"font-family: 'Arial',sans-serif; color: black;\">Iglesia del Nazareno \u2013 Ecuador<\/span><\/i><\/p>\n<p>[\/et_pb_text][\/et_pb_column][\/et_pb_row][et_pb_row disabled_on=\u00bbon|on|on\u00bb _builder_version=\u00bb4.16&#8243; _module_preset=\u00bbdefault\u00bb disabled=\u00bbon\u00bb global_colors_info=\u00bb{}\u00bb][et_pb_column type=\u00bb4_4&#8243; _builder_version=\u00bb4.16&#8243; _module_preset=\u00bbdefault\u00bb global_colors_info=\u00bb{}\u00bb][et_pb_text disabled_on=\u00bboff|off|off\u00bb _builder_version=\u00bb4.16&#8243; _module_preset=\u00bbdefault\u00bb text_text_color=\u00bb#0C71C3&#8243; text_font_size=\u00bb23px\u00bb text_orientation=\u00bbcenter\u00bb global_colors_info=\u00bb{}\u00bb]<\/p>\n<p>CONTENIDO EN PORTUGUES<\/p>\n<p>[\/et_pb_text][\/et_pb_column][\/et_pb_row][et_pb_row module_class=\u00bbportugues\u00bb _builder_version=\u00bb4.16&#8243; _module_preset=\u00bbdefault\u00bb width=\u00bb100%\u00bb global_colors_info=\u00bb{}\u00bb][et_pb_column type=\u00bb4_4&#8243; module_class=\u00bbcolLeft\u00bb _builder_version=\u00bb4.16&#8243; _module_preset=\u00bbdefault\u00bb custom_padding=\u00bb|50px|||false|false\u00bb custom_padding_tablet=\u00bb|20px||20px|false|true\u00bb custom_padding_phone=\u00bb\u00bb custom_padding_last_edited=\u00bbon|phone\u00bb border_color_all=\u00bb#e0e0e0&#8243; border_width_right_tablet=\u00bb0px\u00bb border_width_right_phone=\u00bb0px\u00bb border_width_right_last_edited=\u00bbon|desktop\u00bb global_colors_info=\u00bb{}\u00bb][et_pb_code admin_label=\u00bbCode\u00bb _builder_version=\u00bb4.16&#8243; _module_preset=\u00bbdefault\u00bb background_enable_color=\u00bboff\u00bb positioning=\u00bbabsolute\u00bb position_origin_a=\u00bbtop_right\u00bb vertical_offset=\u00bb10px\u00bb horizontal_offset=\u00bb50px\u00bb z_index=\u00bb137&#8243; vertical_offset_tablet=\u00bb\u00bb vertical_offset_phone=\u00bb-45px\u00bb vertical_offset_last_edited=\u00bbon|phone\u00bb horizontal_offset_tablet=\u00bb20px\u00bb horizontal_offset_phone=\u00bb\u00bb horizontal_offset_last_edited=\u00bbon|phone\u00bb position_origin_a_tablet=\u00bb\u00bb position_origin_a_phone=\u00bb\u00bb position_origin_a_last_edited=\u00bbon|desktop\u00bb position_origin_f_tablet=\u00bb\u00bb position_origin_f_phone=\u00bb\u00bb position_origin_f_last_edited=\u00bbon|desktop\u00bb position_origin_r_tablet=\u00bb\u00bb position_origin_r_phone=\u00bb\u00bb position_origin_r_last_edited=\u00bbon|desktop\u00bb text_orientation=\u00bbright\u00bb width=\u00bb190px\u00bb height=\u00bb30px\u00bb positioning_tablet=\u00bb\u00bb positioning_phone=\u00bb\u00bb positioning_last_edited=\u00bbon|desktop\u00bb global_colors_info=\u00bb{}\u00bb]<!-- AddToAny BEGIN --><!-- [et_pb_line_break_holder] --><a class=\"a2a_dd\" href=\"https:\/\/www.addtoany.com\/share\" style=\"background: black;<!-- [et_pb_line_break_holder] -->    font-size: 18px;<!-- [et_pb_line_break_holder] -->    color: white;<!-- [et_pb_line_break_holder] -->    padding: 10px;text-transform: uppercase;\u00bb><!-- [et_pb_line_break_holder] -->  <svg style=\"width: 20px;\" aria-hidden=\"true\" focusable=\"false\" data-prefix=\"fas\" data-icon=\"share-square\" role=\"img\" xmlns=\"http:\/\/www.w3.org\/2000\/svg\" viewbox=\"0 0 576 512\" data-fa-i2svg=\"\"><path fill=\"currentColor\" d=\"M568.482 177.448L424.479 313.433C409.3 327.768 384 317.14 384 295.985v-71.963c-144.575.97-205.566 35.113-164.775 171.353 4.483 14.973-12.846 26.567-25.006 17.33C155.252 383.105 120 326.488 120 269.339c0-143.937 117.599-172.5 264-173.312V24.012c0-21.174 25.317-31.768 40.479-17.448l144.003 135.988c10.02 9.463 10.028 25.425 0 34.896zM384 379.128V448H64V128h50.916a11.99 11.99 0 0 0 8.648-3.693c14.953-15.568 32.237-27.89 51.014-37.676C185.708 80.83 181.584 64 169.033 64H48C21.49 64 0 85.49 0 112v352c0 26.51 21.49 48 48 48h352c26.51 0 48-21.49 48-48v-88.806c0-8.288-8.197-14.066-16.011-11.302a71.83 71.83 0 0 1-34.189 3.377c-7.27-1.046-13.8 4.514-13.8 11.859z\"><\/path><\/svg><!-- [et_pb_line_break_holder] -->  Compartilhar<!-- [et_pb_line_break_holder] --><\/a><!-- [et_pb_line_break_holder] --><script async src=\"https:\/\/static.addtoany.com\/menu\/page.js\"><\/script><!-- [et_pb_line_break_holder] --><!-- AddToAny END -->[\/et_pb_code][et_pb_text _builder_version=\u00bb4.27.5&#8243; _module_preset=\u00bbdefault\u00bb text_font=\u00bb|700|||||||\u00bb text_font_size=\u00bb25px\u00bb width=\u00bb78%\u00bb width_tablet=\u00bb\u00bb width_phone=\u00bb100%\u00bb width_last_edited=\u00bbon|phone\u00bb custom_margin=\u00bb||5px|||\u00bb global_colors_info=\u00bb{}\u00bb]<\/p>\n<p class=\"p1\">O STNS celebra sua 37\u00aa Cerim\u00f4nia de Formatura formando uma nova gera\u00e7\u00e3o de l\u00edderes para o Reino de Deus<\/p>\n<p>[\/et_pb_text][et_pb_post_title title=\u00bboff\u00bb comments=\u00bboff\u00bb module_class=\u00bbtituloNoti\u00bb _builder_version=\u00bb4.16&#8243; _module_preset=\u00bbdefault\u00bb width_tablet=\u00bb\u00bb width_phone=\u00bb\u00bb width_last_edited=\u00bbon|phone\u00bb custom_padding=\u00bb|0px|||false|false\u00bb custom_padding_tablet=\u00bb|0px|||false|false\u00bb custom_padding_phone=\u00bb|0px|||false|false\u00bb custom_padding_last_edited=\u00bbon|phone\u00bb border_color_right=\u00bb#e8e8e8&#8243; border_width_right_tablet=\u00bb0px\u00bb border_width_right_phone=\u00bb\u00bb border_width_right_last_edited=\u00bbon|desktop\u00bb global_colors_info=\u00bb{}\u00bb][\/et_pb_post_title][et_pb_text _builder_version=\u00bb4.27.5&#8243; _module_preset=\u00bbdefault\u00bb text_font_size=\u00bb17px\u00bb global_colors_info=\u00bb{}\u00bb]<\/p>\n<p style=\"text-align: justify;\"><strong>(CNAS Equador) <\/strong>No dia 29 de novembro, na cidade de Quito, Equador, o Semin\u00e1rio Teol\u00f3gico Nazareno Sul-Americano (STNS) celebrou sua<span class=\"Apple-converted-space\">\u00a0 <\/span>37\u00aa<span class=\"Apple-converted-space\">\u00a0 <\/span>Cerim\u00f4nia de Formatura em um ambiente de alegria, rever\u00eancia e profunda gratid\u00e3o a Deus, marcando um momento significativo para a institui\u00e7\u00e3o e para a Igreja do Nazareno na regi\u00e3o.<\/p>\n<p class=\"p1\">Na ocasi\u00e3o, 125 estudantes conclu\u00edram com \u00eaxito sua forma\u00e7\u00e3o acad\u00eamica nos programas de Diploma em Estudos Interculturais, Diploma em Minist\u00e9rios Juvenis, Diploma em Educa\u00e7\u00e3o Crist\u00e3, Bacharelado Superior em Teologia, Licenciatura Ministerial em Teologia e Mestrado em Minist\u00e9rio com \u00eanfase em Lideran\u00e7a Pastoral. Os formandos representam uma nova gera\u00e7\u00e3o de l\u00edderes preparados para servir ao Reino de Deus com excel\u00eancia, compromisso e paix\u00e3o ministerial.<\/p>\n<p class=\"p1\">Um dos momentos mais marcantes da cerim\u00f4nia foi a mensagem do Dr. Juan Carlos Melo, Diretor Latino-Americano da Rede de Multiplica\u00e7\u00e3o de Igrejas, que exortou os formandos lembrando que a forma\u00e7\u00e3o ministerial n\u00e3o se encerra com a obten\u00e7\u00e3o do diploma, mas ganha sentido ao ser vivida e aplicada fielmente nos contextos reais de servi\u00e7o.<\/p>\n<p class=\"p1\">O discurso em nome dos estudantes foi proferido pelo Rev. Jimmy de Gouveia, formado no Mestrado Ministerial com \u00eanfase em Lideran\u00e7a Pastoral e atual Diretor Regional de Mesoam\u00e9rica. Com palavras de gratid\u00e3o e desafio, encorajou seus colegas a exercerem um minist\u00e9rio centrado em Cristo, sens\u00edvel \u00e0s necessidades da comunidade e fiel ao DNA missional da Igreja do Nazareno.<\/p>\n<p class=\"p1\">Durante o ato, o Dr. Roberto Quinatoa, reitor do STNS, destacou a import\u00e2ncia da ocasi\u00e3o e declarou: <i>\u201cCelebramos o esfor\u00e7o de todos que fazem parte da fam\u00edlia do STNS: estudantes, professores, equipe administrativa, pastores, superintendentes, l\u00edderes regionais e a pr\u00f3pria Igreja do Nazareno global. Deus tem sido bom durante todo este tempo.\u201d<\/i> Al\u00e9m disso, o Rev. Freddy Benavidez anunciou a ratifica\u00e7\u00e3o un\u00e2nime do servi\u00e7o do Dr. Quinatoa para continuar como reitor por mais dois anos, decis\u00e3o tomada pela Junta de Regentes.<\/p>\n<p class=\"p1\">A programa\u00e7\u00e3o foi conclu\u00edda reafirmando o compromisso do STNS com sua miss\u00e3o de formar servos e servas que n\u00e3o apenas adquiram conhecimento acad\u00eamico, mas que vivam e proclamem a santidade b\u00edblica com convic\u00e7\u00e3o e amor. A 37\u00aa<span class=\"Apple-converted-space\">\u00a0 <\/span>turma permanece como um testemunho vivo da fidelidade de Deus e do trabalho conjunto de uma comunidade educacional dedicada a preparar l\u00edderes humildes e apaixonados para o servi\u00e7o no Reino.<\/p>\n<p style=\"text-align: justify;\"><strong><em>Fonte: <\/em><\/strong><em>Igreja do Nazareno \u2013 Equador.<\/em><\/p>\n<p>[\/et_pb_text][\/et_pb_column][\/et_pb_row][et_pb_row _builder_version=\u00bb4.16&#8243; _module_preset=\u00bbdefault\u00bb width=\u00bb100%\u00bb global_colors_info=\u00bb{}\u00bb][et_pb_column type=\u00bb4_4&#8243; module_class=\u00bbcolLeft\u00bb _builder_version=\u00bb4.16&#8243; _module_preset=\u00bbdefault\u00bb custom_padding=\u00bb|50px|||false|false\u00bb custom_padding_tablet=\u00bb|20px||20px|false|true\u00bb custom_padding_phone=\u00bb\u00bb custom_padding_last_edited=\u00bbon|phone\u00bb border_color_all=\u00bb#e0e0e0&#8243; border_width_right_tablet=\u00bb0px\u00bb border_width_right_phone=\u00bb0px\u00bb border_width_right_last_edited=\u00bbon|desktop\u00bb global_colors_info=\u00bb{}\u00bb][et_pb_gallery gallery_ids=\u00bb50385,50386,50387,50388,50389,50390,50391,50392&#8243; posts_number=\u00bb8&#8243; show_title_and_caption=\u00bboff\u00bb zoom_icon_color=\u00bb#E02B20&#8243; hover_overlay_color=\u00bb#FFFFFF\u00bb hover_icon=\u00bb&#x54;||divi||400&#8243; _builder_version=\u00bb4.27.5&#8243; _module_preset=\u00bbdefault\u00bb title_font_size=\u00bb0px\u00bb width=\u00bb100%\u00bb module_alignment=\u00bbcenter\u00bb global_colors_info=\u00bb{}\u00bb][\/et_pb_gallery][\/et_pb_column][\/et_pb_row][\/et_pb_section]<\/p>\n<span class=\"et_bloom_bottom_trigger\"><\/span>","protected":false},"excerpt":{"rendered":"<p>CONTENIDO EN ESPA\u00d1OL<\/p>","protected":false},"author":4,"featured_media":50390,"comment_status":"open","ping_status":"open","sticky":false,"template":"","format":"standard","meta":{"_et_pb_use_builder":"on","_et_pb_old_content":"","_et_gb_content_width":"","_monsterinsights_skip_tracking":false,"_monsterinsights_sitenote_active":false,"_monsterinsights_sitenote_note":"","_monsterinsights_sitenote_category":0,"_vp_format_video_url":"","_vp_image_focal_point":[],"footnotes":""},"categories":[134,54,59,1,49],"tags":[],"class_list":["post-50381","post","type-post","status-publish","format-standard","has-post-thumbnail","hentry","category-america-del-sur","category-ecuador","category-educacion-teologica","category-noticia","category-paises"],"yoast_head":"<!-- This site is optimized with the Yoast SEO Premium plugin v23.6 (Yoast SEO v27.5) - https:\/\/yoast.com\/product\/yoast-seo-premium-wordpress\/ -->\n<title>El STNS celebra su 37\u00aa Ceremonia de Graduaci\u00f3n formando una nueva generaci\u00f3n de l\u00edderes para el Reino de Dios | Iglesia del Nazareno Am\u00e9rica del Sur<\/title>\n<meta name=\"description\" content=\"Noticia\" \/>\n<meta name=\"robots\" content=\"noindex, follow\" \/>\n<meta property=\"og:locale\" content=\"pt_BR\" \/>\n<meta property=\"og:type\" content=\"article\" \/>\n<meta property=\"og:title\" content=\"El STNS celebra su 37\u00aa Ceremonia de Graduaci\u00f3n formando una nueva generaci\u00f3n de l\u00edderes para el Reino de Dios | Iglesia del Nazareno Am\u00e9rica del Sur\" \/>\n<meta property=\"og:description\" content=\"Noticia\" \/>\n<meta property=\"og:url\" content=\"https:\/\/www.samnaz.org\/pt\/el-stns-celebra-su-37a-ceremonia-de-graduacion-formando-una-nueva-generacion-de-lideres-para-el-reino-de-dios\/\" \/>\n<meta property=\"og:site_name\" content=\"Iglesia del Nazareno Am\u00e9rica del Sur\" \/>\n<meta property=\"article:publisher\" content=\"https:\/\/www.facebook.com\/NazarenoEsp\" \/>\n<meta property=\"article:published_time\" content=\"2026-01-20T18:56:17+00:00\" \/>\n<meta property=\"article:modified_time\" content=\"2026-01-20T19:01:55+00:00\" \/>\n<meta property=\"og:image\" content=\"https:\/\/www.samnaz.org\/wp-content\/uploads\/2026\/01\/15.jpg\" \/>\n\t<meta property=\"og:image:width\" content=\"1920\" \/>\n\t<meta property=\"og:image:height\" content=\"1080\" \/>\n\t<meta property=\"og:image:type\" content=\"image\/jpeg\" \/>\n<meta name=\"author\" content=\"Samnaz\" \/>\n<meta name=\"twitter:card\" content=\"summary_large_image\" \/>\n<meta name=\"twitter:label1\" content=\"Escrito por\" \/>\n\t<meta name=\"twitter:data1\" content=\"Samnaz\" \/>\n\t<meta name=\"twitter:label2\" content=\"Est. tempo de leitura\" \/>\n\t<meta name=\"twitter:data2\" content=\"6 minutos\" \/>\n<script type=\"application\/ld+json\" class=\"yoast-schema-graph\">{\"@context\":\"https:\\\/\\\/schema.org\",\"@graph\":[{\"@type\":\"Article\",\"@id\":\"https:\\\/\\\/www.samnaz.org\\\/el-stns-celebra-su-37a-ceremonia-de-graduacion-formando-una-nueva-generacion-de-lideres-para-el-reino-de-dios\\\/#article\",\"isPartOf\":{\"@id\":\"https:\\\/\\\/www.samnaz.org\\\/el-stns-celebra-su-37a-ceremonia-de-graduacion-formando-una-nueva-generacion-de-lideres-para-el-reino-de-dios\\\/\"},\"author\":{\"name\":\"Samnaz\",\"@id\":\"https:\\\/\\\/www.samnaz.org\\\/#\\\/schema\\\/person\\\/c09d1131c49ba510c7e1cbb677b39927\"},\"headline\":\"El STNS celebra su 37\u00aa Ceremonia de Graduaci\u00f3n formando una nueva generaci\u00f3n de l\u00edderes para el Reino de Dios\",\"datePublished\":\"2026-01-20T18:56:17+00:00\",\"dateModified\":\"2026-01-20T19:01:55+00:00\",\"mainEntityOfPage\":{\"@id\":\"https:\\\/\\\/www.samnaz.org\\\/el-stns-celebra-su-37a-ceremonia-de-graduacion-formando-una-nueva-generacion-de-lideres-para-el-reino-de-dios\\\/\"},\"wordCount\":305,\"commentCount\":0,\"publisher\":{\"@id\":\"https:\\\/\\\/www.samnaz.org\\\/#organization\"},\"image\":{\"@id\":\"https:\\\/\\\/www.samnaz.org\\\/el-stns-celebra-su-37a-ceremonia-de-graduacion-formando-una-nueva-generacion-de-lideres-para-el-reino-de-dios\\\/#primaryimage\"},\"thumbnailUrl\":\"https:\\\/\\\/www.samnaz.org\\\/wp-content\\\/uploads\\\/2026\\\/01\\\/15.jpg\",\"articleSection\":[\"Am\u00e9rica del Sur\",\"Ecuador\",\"Educaci\u00f3n Teol\u00f3gica\",\"Noticia\",\"Pa\u00edses\"],\"inLanguage\":\"pt-BR\",\"potentialAction\":[{\"@type\":\"CommentAction\",\"name\":\"Comment\",\"target\":[\"https:\\\/\\\/www.samnaz.org\\\/el-stns-celebra-su-37a-ceremonia-de-graduacion-formando-una-nueva-generacion-de-lideres-para-el-reino-de-dios\\\/#respond\"]}]},{\"@type\":\"WebPage\",\"@id\":\"https:\\\/\\\/www.samnaz.org\\\/el-stns-celebra-su-37a-ceremonia-de-graduacion-formando-una-nueva-generacion-de-lideres-para-el-reino-de-dios\\\/\",\"url\":\"https:\\\/\\\/www.samnaz.org\\\/el-stns-celebra-su-37a-ceremonia-de-graduacion-formando-una-nueva-generacion-de-lideres-para-el-reino-de-dios\\\/\",\"name\":\"El STNS celebra su 37\u00aa Ceremonia de Graduaci\u00f3n formando una nueva generaci\u00f3n de l\u00edderes para el Reino de Dios | Iglesia del Nazareno Am\u00e9rica del Sur\",\"isPartOf\":{\"@id\":\"https:\\\/\\\/www.samnaz.org\\\/#website\"},\"primaryImageOfPage\":{\"@id\":\"https:\\\/\\\/www.samnaz.org\\\/el-stns-celebra-su-37a-ceremonia-de-graduacion-formando-una-nueva-generacion-de-lideres-para-el-reino-de-dios\\\/#primaryimage\"},\"image\":{\"@id\":\"https:\\\/\\\/www.samnaz.org\\\/el-stns-celebra-su-37a-ceremonia-de-graduacion-formando-una-nueva-generacion-de-lideres-para-el-reino-de-dios\\\/#primaryimage\"},\"thumbnailUrl\":\"https:\\\/\\\/www.samnaz.org\\\/wp-content\\\/uploads\\\/2026\\\/01\\\/15.jpg\",\"datePublished\":\"2026-01-20T18:56:17+00:00\",\"dateModified\":\"2026-01-20T19:01:55+00:00\",\"description\":\"Noticia\",\"inLanguage\":\"pt-BR\",\"potentialAction\":[{\"@type\":\"ReadAction\",\"target\":[\"https:\\\/\\\/www.samnaz.org\\\/el-stns-celebra-su-37a-ceremonia-de-graduacion-formando-una-nueva-generacion-de-lideres-para-el-reino-de-dios\\\/\"]}]},{\"@type\":\"ImageObject\",\"inLanguage\":\"pt-BR\",\"@id\":\"https:\\\/\\\/www.samnaz.org\\\/el-stns-celebra-su-37a-ceremonia-de-graduacion-formando-una-nueva-generacion-de-lideres-para-el-reino-de-dios\\\/#primaryimage\",\"url\":\"https:\\\/\\\/www.samnaz.org\\\/wp-content\\\/uploads\\\/2026\\\/01\\\/15.jpg\",\"contentUrl\":\"https:\\\/\\\/www.samnaz.org\\\/wp-content\\\/uploads\\\/2026\\\/01\\\/15.jpg\",\"width\":1920,\"height\":1080},{\"@type\":\"WebSite\",\"@id\":\"https:\\\/\\\/www.samnaz.org\\\/#website\",\"url\":\"https:\\\/\\\/www.samnaz.org\\\/\",\"name\":\"Haciendo Disc\u00edpulos Semejantes a Cristo en las naciones\",\"description\":\"Haciendo disc\u00edpulos semejantes a Cristo en las Naciones\",\"publisher\":{\"@id\":\"https:\\\/\\\/www.samnaz.org\\\/#organization\"},\"alternateName\":\"Viviendo la Gran Comisi\u00f3n\",\"potentialAction\":[{\"@type\":\"SearchAction\",\"target\":{\"@type\":\"EntryPoint\",\"urlTemplate\":\"https:\\\/\\\/www.samnaz.org\\\/?s={search_term_string}\"},\"query-input\":{\"@type\":\"PropertyValueSpecification\",\"valueRequired\":true,\"valueName\":\"search_term_string\"}}],\"inLanguage\":\"pt-BR\"},{\"@type\":\"Organization\",\"@id\":\"https:\\\/\\\/www.samnaz.org\\\/#organization\",\"name\":\"Iglesia del Nazareno Am\u00e9rica del Sur\",\"url\":\"https:\\\/\\\/www.samnaz.org\\\/\",\"logo\":{\"@type\":\"ImageObject\",\"inLanguage\":\"pt-BR\",\"@id\":\"https:\\\/\\\/www.samnaz.org\\\/#\\\/schema\\\/logo\\\/image\\\/\",\"url\":\"https:\\\/\\\/www.samnaz.org\\\/wp-content\\\/uploads\\\/2021\\\/04\\\/Logo-3-ESP.png\",\"contentUrl\":\"https:\\\/\\\/www.samnaz.org\\\/wp-content\\\/uploads\\\/2021\\\/04\\\/Logo-3-ESP.png\",\"width\":1041,\"height\":780,\"caption\":\"Iglesia del Nazareno Am\u00e9rica del Sur\"},\"image\":{\"@id\":\"https:\\\/\\\/www.samnaz.org\\\/#\\\/schema\\\/logo\\\/image\\\/\"},\"sameAs\":[\"https:\\\/\\\/www.facebook.com\\\/NazarenoEsp\",\"https:\\\/\\\/www.instagram.com\\\/nazarenoesp\\\/\"],\"publishingPrinciples\":\"https:\\\/\\\/www.samnaz.org\\\/\"},{\"@type\":\"Person\",\"@id\":\"https:\\\/\\\/www.samnaz.org\\\/#\\\/schema\\\/person\\\/c09d1131c49ba510c7e1cbb677b39927\",\"name\":\"Samnaz\",\"image\":{\"@type\":\"ImageObject\",\"inLanguage\":\"pt-BR\",\"@id\":\"https:\\\/\\\/secure.gravatar.com\\\/avatar\\\/a5baaf0e270319d09c0efce6a9dd03ff93175913c70afe26595c0069c83fa6dc?s=96&d=mm&r=g\",\"url\":\"https:\\\/\\\/secure.gravatar.com\\\/avatar\\\/a5baaf0e270319d09c0efce6a9dd03ff93175913c70afe26595c0069c83fa6dc?s=96&d=mm&r=g\",\"contentUrl\":\"https:\\\/\\\/secure.gravatar.com\\\/avatar\\\/a5baaf0e270319d09c0efce6a9dd03ff93175913c70afe26595c0069c83fa6dc?s=96&d=mm&r=g\",\"caption\":\"Samnaz\"}}]}<\/script>\n<!-- \/ Yoast SEO Premium plugin. -->","yoast_head_json":{"title":"El STNS celebra su 37\u00aa Ceremonia de Graduaci\u00f3n formando una nueva generaci\u00f3n de l\u00edderes para el Reino de Dios | Iglesia del Nazareno Am\u00e9rica del Sur","description":"Noticia","robots":{"index":"noindex","follow":"follow"},"og_locale":"pt_BR","og_type":"article","og_title":"El STNS celebra su 37\u00aa Ceremonia de Graduaci\u00f3n formando una nueva generaci\u00f3n de l\u00edderes para el Reino de Dios | Iglesia del Nazareno Am\u00e9rica del Sur","og_description":"Noticia","og_url":"https:\/\/www.samnaz.org\/pt\/el-stns-celebra-su-37a-ceremonia-de-graduacion-formando-una-nueva-generacion-de-lideres-para-el-reino-de-dios\/","og_site_name":"Iglesia del Nazareno Am\u00e9rica del Sur","article_publisher":"https:\/\/www.facebook.com\/NazarenoEsp","article_published_time":"2026-01-20T18:56:17+00:00","article_modified_time":"2026-01-20T19:01:55+00:00","og_image":[{"width":1920,"height":1080,"url":"https:\/\/www.samnaz.org\/wp-content\/uploads\/2026\/01\/15.jpg","type":"image\/jpeg"}],"author":"Samnaz","twitter_card":"summary_large_image","twitter_misc":{"Escrito por":"Samnaz","Est. tempo de leitura":"6 minutos"},"schema":{"@context":"https:\/\/schema.org","@graph":[{"@type":"Article","@id":"https:\/\/www.samnaz.org\/el-stns-celebra-su-37a-ceremonia-de-graduacion-formando-una-nueva-generacion-de-lideres-para-el-reino-de-dios\/#article","isPartOf":{"@id":"https:\/\/www.samnaz.org\/el-stns-celebra-su-37a-ceremonia-de-graduacion-formando-una-nueva-generacion-de-lideres-para-el-reino-de-dios\/"},"author":{"name":"Samnaz","@id":"https:\/\/www.samnaz.org\/#\/schema\/person\/c09d1131c49ba510c7e1cbb677b39927"},"headline":"El STNS celebra su 37\u00aa Ceremonia de Graduaci\u00f3n formando una nueva generaci\u00f3n de l\u00edderes para el Reino de Dios","datePublished":"2026-01-20T18:56:17+00:00","dateModified":"2026-01-20T19:01:55+00:00","mainEntityOfPage":{"@id":"https:\/\/www.samnaz.org\/el-stns-celebra-su-37a-ceremonia-de-graduacion-formando-una-nueva-generacion-de-lideres-para-el-reino-de-dios\/"},"wordCount":305,"commentCount":0,"publisher":{"@id":"https:\/\/www.samnaz.org\/#organization"},"image":{"@id":"https:\/\/www.samnaz.org\/el-stns-celebra-su-37a-ceremonia-de-graduacion-formando-una-nueva-generacion-de-lideres-para-el-reino-de-dios\/#primaryimage"},"thumbnailUrl":"https:\/\/www.samnaz.org\/wp-content\/uploads\/2026\/01\/15.jpg","articleSection":["Am\u00e9rica del Sur","Ecuador","Educaci\u00f3n Teol\u00f3gica","Noticia","Pa\u00edses"],"inLanguage":"pt-BR","potentialAction":[{"@type":"CommentAction","name":"Comment","target":["https:\/\/www.samnaz.org\/el-stns-celebra-su-37a-ceremonia-de-graduacion-formando-una-nueva-generacion-de-lideres-para-el-reino-de-dios\/#respond"]}]},{"@type":"WebPage","@id":"https:\/\/www.samnaz.org\/el-stns-celebra-su-37a-ceremonia-de-graduacion-formando-una-nueva-generacion-de-lideres-para-el-reino-de-dios\/","url":"https:\/\/www.samnaz.org\/el-stns-celebra-su-37a-ceremonia-de-graduacion-formando-una-nueva-generacion-de-lideres-para-el-reino-de-dios\/","name":"El STNS celebra su 37\u00aa Ceremonia de Graduaci\u00f3n formando una nueva generaci\u00f3n de l\u00edderes para el Reino de Dios | Iglesia del Nazareno Am\u00e9rica del Sur","isPartOf":{"@id":"https:\/\/www.samnaz.org\/#website"},"primaryImageOfPage":{"@id":"https:\/\/www.samnaz.org\/el-stns-celebra-su-37a-ceremonia-de-graduacion-formando-una-nueva-generacion-de-lideres-para-el-reino-de-dios\/#primaryimage"},"image":{"@id":"https:\/\/www.samnaz.org\/el-stns-celebra-su-37a-ceremonia-de-graduacion-formando-una-nueva-generacion-de-lideres-para-el-reino-de-dios\/#primaryimage"},"thumbnailUrl":"https:\/\/www.samnaz.org\/wp-content\/uploads\/2026\/01\/15.jpg","datePublished":"2026-01-20T18:56:17+00:00","dateModified":"2026-01-20T19:01:55+00:00","description":"Noticia","inLanguage":"pt-BR","potentialAction":[{"@type":"ReadAction","target":["https:\/\/www.samnaz.org\/el-stns-celebra-su-37a-ceremonia-de-graduacion-formando-una-nueva-generacion-de-lideres-para-el-reino-de-dios\/"]}]},{"@type":"ImageObject","inLanguage":"pt-BR","@id":"https:\/\/www.samnaz.org\/el-stns-celebra-su-37a-ceremonia-de-graduacion-formando-una-nueva-generacion-de-lideres-para-el-reino-de-dios\/#primaryimage","url":"https:\/\/www.samnaz.org\/wp-content\/uploads\/2026\/01\/15.jpg","contentUrl":"https:\/\/www.samnaz.org\/wp-content\/uploads\/2026\/01\/15.jpg","width":1920,"height":1080},{"@type":"WebSite","@id":"https:\/\/www.samnaz.org\/#website","url":"https:\/\/www.samnaz.org\/","name":"Haciendo Disc\u00edpulos Semejantes a Cristo en las naciones","description":"Haciendo disc\u00edpulos semejantes a Cristo en las Naciones","publisher":{"@id":"https:\/\/www.samnaz.org\/#organization"},"alternateName":"Viviendo la Gran Comisi\u00f3n","potentialAction":[{"@type":"SearchAction","target":{"@type":"EntryPoint","urlTemplate":"https:\/\/www.samnaz.org\/?s={search_term_string}"},"query-input":{"@type":"PropertyValueSpecification","valueRequired":true,"valueName":"search_term_string"}}],"inLanguage":"pt-BR"},{"@type":"Organization","@id":"https:\/\/www.samnaz.org\/#organization","name":"Iglesia del Nazareno Am\u00e9rica del Sur","url":"https:\/\/www.samnaz.org\/","logo":{"@type":"ImageObject","inLanguage":"pt-BR","@id":"https:\/\/www.samnaz.org\/#\/schema\/logo\/image\/","url":"https:\/\/www.samnaz.org\/wp-content\/uploads\/2021\/04\/Logo-3-ESP.png","contentUrl":"https:\/\/www.samnaz.org\/wp-content\/uploads\/2021\/04\/Logo-3-ESP.png","width":1041,"height":780,"caption":"Iglesia del Nazareno Am\u00e9rica del Sur"},"image":{"@id":"https:\/\/www.samnaz.org\/#\/schema\/logo\/image\/"},"sameAs":["https:\/\/www.facebook.com\/NazarenoEsp","https:\/\/www.instagram.com\/nazarenoesp\/"],"publishingPrinciples":"https:\/\/www.samnaz.org\/"},{"@type":"Person","@id":"https:\/\/www.samnaz.org\/#\/schema\/person\/c09d1131c49ba510c7e1cbb677b39927","name":"Samnaz","image":{"@type":"ImageObject","inLanguage":"pt-BR","@id":"https:\/\/secure.gravatar.com\/avatar\/a5baaf0e270319d09c0efce6a9dd03ff93175913c70afe26595c0069c83fa6dc?s=96&d=mm&r=g","url":"https:\/\/secure.gravatar.com\/avatar\/a5baaf0e270319d09c0efce6a9dd03ff93175913c70afe26595c0069c83fa6dc?s=96&d=mm&r=g","contentUrl":"https:\/\/secure.gravatar.com\/avatar\/a5baaf0e270319d09c0efce6a9dd03ff93175913c70afe26595c0069c83fa6dc?s=96&d=mm&r=g","caption":"Samnaz"}}]}},"_links":{"self":[{"href":"https:\/\/www.samnaz.org\/pt\/wp-json\/wp\/v2\/posts\/50381","targetHints":{"allow":["GET"]}}],"collection":[{"href":"https:\/\/www.samnaz.org\/pt\/wp-json\/wp\/v2\/posts"}],"about":[{"href":"https:\/\/www.samnaz.org\/pt\/wp-json\/wp\/v2\/types\/post"}],"author":[{"embeddable":true,"href":"https:\/\/www.samnaz.org\/pt\/wp-json\/wp\/v2\/users\/4"}],"replies":[{"embeddable":true,"href":"https:\/\/www.samnaz.org\/pt\/wp-json\/wp\/v2\/comments?post=50381"}],"version-history":[{"count":4,"href":"https:\/\/www.samnaz.org\/pt\/wp-json\/wp\/v2\/posts\/50381\/revisions"}],"predecessor-version":[{"id":50395,"href":"https:\/\/www.samnaz.org\/pt\/wp-json\/wp\/v2\/posts\/50381\/revisions\/50395"}],"wp:featuredmedia":[{"embeddable":true,"href":"https:\/\/www.samnaz.org\/pt\/wp-json\/wp\/v2\/media\/50390"}],"wp:attachment":[{"href":"https:\/\/www.samnaz.org\/pt\/wp-json\/wp\/v2\/media?parent=50381"}],"wp:term":[{"taxonomy":"category","embeddable":true,"href":"https:\/\/www.samnaz.org\/pt\/wp-json\/wp\/v2\/categories?post=50381"},{"taxonomy":"post_tag","embeddable":true,"href":"https:\/\/www.samnaz.org\/pt\/wp-json\/wp\/v2\/tags?post=50381"}],"curies":[{"name":"wp","href":"https:\/\/api.w.org\/{rel}","templated":true}]}}