{"id":50407,"date":"2026-01-20T17:05:24","date_gmt":"2026-01-20T20:05:24","guid":{"rendered":"https:\/\/www.samnaz.org\/?p=50407"},"modified":"2026-01-22T16:09:48","modified_gmt":"2026-01-22T19:09:48","slug":"solidaridad-y-servicio-la-iglesia-del-nazareno-acompana-a-las-comunidades-afectadas-por-los-incendios-en-chile","status":"publish","type":"post","link":"https:\/\/www.samnaz.org\/pt\/solidaridad-y-servicio-la-iglesia-del-nazareno-acompana-a-las-comunidades-afectadas-por-los-incendios-en-chile\/","title":{"rendered":"Solidaridad y servicio: la Iglesia del Nazareno acompa\u00f1a a las comunidades afectadas por los incendios en Chile."},"content":{"rendered":"<p>[et_pb_section fb_built=\u00bb1&#8243; _builder_version=\u00bb4.16&#8243; _module_preset=\u00bbdefault\u00bb custom_padding=\u00bb0px||||false|false\u00bb global_colors_info=\u00bb{}\u00bb][et_pb_row disabled_on=\u00bbon|on|on\u00bb _builder_version=\u00bb4.16&#8243; _module_preset=\u00bbdefault\u00bb disabled=\u00bbon\u00bb global_colors_info=\u00bb{}\u00bb][et_pb_column type=\u00bb4_4&#8243; _builder_version=\u00bb4.16&#8243; _module_preset=\u00bbdefault\u00bb global_colors_info=\u00bb{}\u00bb][et_pb_text disabled_on=\u00bboff|off|off\u00bb _builder_version=\u00bb4.16&#8243; _module_preset=\u00bbdefault\u00bb text_text_color=\u00bb#0C71C3&#8243; text_font_size=\u00bb23px\u00bb text_orientation=\u00bbcenter\u00bb global_colors_info=\u00bb{}\u00bb]<\/p>\n<p>CONTENIDO EN ESPA\u00d1OL<\/p>\n<p>[\/et_pb_text][\/et_pb_column][\/et_pb_row][et_pb_row module_class=\u00bbespanol\u00bb _builder_version=\u00bb4.16&#8243; _module_preset=\u00bbdefault\u00bb width=\u00bb100%\u00bb global_colors_info=\u00bb{}\u00bb][et_pb_column type=\u00bb4_4&#8243; module_class=\u00bbcolLeft\u00bb _builder_version=\u00bb4.16&#8243; _module_preset=\u00bbdefault\u00bb custom_padding=\u00bb|50px|||false|false\u00bb custom_padding_tablet=\u00bb|20px||20px|false|true\u00bb custom_padding_phone=\u00bb\u00bb custom_padding_last_edited=\u00bbon|phone\u00bb border_color_all=\u00bb#e0e0e0&#8243; border_width_right_tablet=\u00bb0px\u00bb border_width_right_phone=\u00bb0px\u00bb border_width_right_last_edited=\u00bbon|desktop\u00bb global_colors_info=\u00bb{}\u00bb][et_pb_code admin_label=\u00bbCode\u00bb _builder_version=\u00bb4.16&#8243; _module_preset=\u00bbdefault\u00bb background_enable_color=\u00bboff\u00bb positioning=\u00bbabsolute\u00bb position_origin_a=\u00bbtop_right\u00bb vertical_offset=\u00bb10px\u00bb horizontal_offset=\u00bb50px\u00bb z_index=\u00bb137&#8243; vertical_offset_tablet=\u00bb\u00bb vertical_offset_phone=\u00bb-45px\u00bb vertical_offset_last_edited=\u00bbon|phone\u00bb horizontal_offset_tablet=\u00bb20px\u00bb horizontal_offset_phone=\u00bb\u00bb horizontal_offset_last_edited=\u00bbon|phone\u00bb position_origin_a_tablet=\u00bb\u00bb position_origin_a_phone=\u00bb\u00bb position_origin_a_last_edited=\u00bbon|desktop\u00bb position_origin_f_tablet=\u00bb\u00bb position_origin_f_phone=\u00bb\u00bb position_origin_f_last_edited=\u00bbon|desktop\u00bb position_origin_r_tablet=\u00bb\u00bb position_origin_r_phone=\u00bb\u00bb position_origin_r_last_edited=\u00bbon|desktop\u00bb text_orientation=\u00bbright\u00bb width=\u00bb160px\u00bb height=\u00bb30px\u00bb positioning_tablet=\u00bb\u00bb positioning_phone=\u00bb\u00bb positioning_last_edited=\u00bbon|desktop\u00bb global_colors_info=\u00bb{}\u00bb]<!-- AddToAny BEGIN --><!-- [et_pb_line_break_holder] --><a class=\"a2a_dd\" href=\"https:\/\/www.addtoany.com\/share\" style=\"background: black;<!-- [et_pb_line_break_holder] -->    font-size: 18px;<!-- [et_pb_line_break_holder] -->    color: white;<!-- [et_pb_line_break_holder] -->    padding: 10px;text-transform: uppercase;\u00bb><!-- [et_pb_line_break_holder] -->  <svg style=\"width: 20px;\" aria-hidden=\"true\" focusable=\"false\" data-prefix=\"fas\" data-icon=\"share-square\" role=\"img\" xmlns=\"http:\/\/www.w3.org\/2000\/svg\" viewbox=\"0 0 576 512\" data-fa-i2svg=\"\"><path fill=\"currentColor\" d=\"M568.482 177.448L424.479 313.433C409.3 327.768 384 317.14 384 295.985v-71.963c-144.575.97-205.566 35.113-164.775 171.353 4.483 14.973-12.846 26.567-25.006 17.33C155.252 383.105 120 326.488 120 269.339c0-143.937 117.599-172.5 264-173.312V24.012c0-21.174 25.317-31.768 40.479-17.448l144.003 135.988c10.02 9.463 10.028 25.425 0 34.896zM384 379.128V448H64V128h50.916a11.99 11.99 0 0 0 8.648-3.693c14.953-15.568 32.237-27.89 51.014-37.676C185.708 80.83 181.584 64 169.033 64H48C21.49 64 0 85.49 0 112v352c0 26.51 21.49 48 48 48h352c26.51 0 48-21.49 48-48v-88.806c0-8.288-8.197-14.066-16.011-11.302a71.83 71.83 0 0 1-34.189 3.377c-7.27-1.046-13.8 4.514-13.8 11.859z\"><\/path><\/svg><!-- [et_pb_line_break_holder] -->  COMPARTILHAR<!-- [et_pb_line_break_holder] --><\/a><!-- [et_pb_line_break_holder] --><script async src=\"https:\/\/static.addtoany.com\/menu\/page.js\"><\/script><!-- [et_pb_line_break_holder] --><!-- AddToAny END -->[\/et_pb_code][et_pb_text _builder_version=\u00bb4.27.5&#8243; _module_preset=\u00bbdefault\u00bb text_font=\u00bb|700|||||||\u00bb text_font_size=\u00bb25px\u00bb width=\u00bb78%\u00bb width_tablet=\u00bb\u00bb width_phone=\u00bb100%\u00bb width_last_edited=\u00bbon|phone\u00bb custom_margin=\u00bb||5px|||\u00bb global_colors_info=\u00bb{}\u00bb]<\/p>\n<p class=\"p1\">Solidaridad y servicio: la Iglesia del Nazareno acompa\u00f1a a las comunidades afectadas por los incendios en Chile.<\/p>\n<p>[\/et_pb_text][et_pb_post_title title=\u00bboff\u00bb comments=\u00bboff\u00bb module_class=\u00bbtituloNoti\u00bb _builder_version=\u00bb4.16&#8243; _module_preset=\u00bbdefault\u00bb width_tablet=\u00bb\u00bb width_phone=\u00bb\u00bb width_last_edited=\u00bbon|phone\u00bb custom_padding=\u00bb|0px|||false|false\u00bb custom_padding_tablet=\u00bb|0px|||false|false\u00bb custom_padding_phone=\u00bb|0px|||false|false\u00bb custom_padding_last_edited=\u00bbon|phone\u00bb border_color_right=\u00bb#e8e8e8&#8243; border_width_right_tablet=\u00bb0px\u00bb border_width_right_phone=\u00bb\u00bb border_width_right_last_edited=\u00bbon|desktop\u00bb global_colors_info=\u00bb{}\u00bb][\/et_pb_post_title][et_pb_text _builder_version=\u00bb4.27.5&#8243; _module_preset=\u00bbdefault\u00bb text_font_size=\u00bb17px\u00bb global_colors_info=\u00bb{}\u00bb]<\/p>\n<p style=\"margin: 0cm 0cm 15pt; text-align: justify;\"><b><span style=\"font-family: 'Arial',sans-serif; color: black;\">(CNAS Chile) <\/span><\/b>En respuesta a la emergencia provocada por los incendios forestales, en el sur de Chile, la Iglesia del Nazareno contin\u00faa moviliz\u00e1ndose para brindar ayuda concreta y acompa\u00f1amiento a las familias afectadas.<\/p>\n<p class=\"p1\">El d\u00eda 19 de enero, un equipo de voluntarios se traslad\u00f3 hasta el sector de Punta Parra, llevando un generador bencinero de 3400 watts, adem\u00e1s de carpas y enseres b\u00e1sicos, con el objetivo de apoyar a las familias que perdieron sus hogares y pertenencias. A pesar de las dificultades para acceder al lugar, el equipo logr\u00f3 llegar y entregar la ayuda necesaria.<\/p>\n<p class=\"p1\">Asimismo, en los d\u00edas siguientes, el pastor Daniel Escobar, junto a 12 j\u00f3venes del Distrito, particip\u00f3 activamente en labores de limpieza y remoci\u00f3n de escombros, retirando fierros y restos de viviendas afectadas por el fuego. Paralelamente, j\u00f3venes del Distrito contin\u00faan sirviendo en la localidad de Lirqu\u00e9n, extendiendo el apoyo en las zonas da\u00f1adas.<\/p>\n<p class=\"p1\">Estas acciones reflejan el compromiso de la Iglesia de ser un instrumento de amor y servicio, acompa\u00f1ando con compasi\u00f3n a quienes vivieron momentos de profundo dolor y desesperaci\u00f3n, al ver c\u00f3mo sus casas y bienes eran consumidos por las llamas, teniendo que evacuar apresuradamente.<\/p>\n<p class=\"p1\">Adem\u00e1s, el Coordinador de Estrategia de \u00c1rea, Rev. Eduardo Meza se hizo presente en el Distrito para apoyar y coordinar esfuerzos junto a los ministerios distritales, promoviendo la sinergia y el trabajo conjunto en favor de las comunidades afectadas.<\/p>\n<p class=\"p1\">Entre los testimonios recogidos se encuentra el de la joven Aylin Matus de la Parra, quien relat\u00f3 con profundo dolor que toda su familia perdi\u00f3 sus hogares. Aunque su casa no fue alcanzada directamente por el fuego, debieron evacuar de manera urgente. Aylin describe esos momentos como extremadamente desesperantes y angustiantes.<\/p>\n<p class=\"p1\">En medio de la tragedia, la Iglesia del Nazareno reafirma su llamado a ser luz y esperanza en tiempos de oscuridad, recordando que Dios camina junto a quienes sufren y que, como cuerpo de Cristo, estamos llamados a levantar al ca\u00eddo, acompa\u00f1ar al afligido y reconstruir con amor y fe.<\/p>\n<p class=\"p1\">Quienes deseen sumarse a esta labor solidaria y apoyar a las familias afectadas pueden hacerlo a trav\u00e9s de los siguientes datos:<\/p>\n<p class=\"p1\">Elizabeth Cristina Soto Venegas<br \/>RUT: 12.380.467-8<br \/>Banco: Prepago Tenpo<br \/>Tipo de cuenta: Cuenta vista<br \/>N\u00famero de cuenta: 111112380467<br \/>Correo: elizabethsotovenegas@gmail.com<\/p>\n<p class=\"p1\">Cada aporte, oraci\u00f3n y gesto de solidaridad hace la diferencia en la vida de quienes hoy necesitan esperanza.<\/p>\n<p style=\"margin: 0cm 0cm 15pt; text-align: justify;\"><b><i><span style=\"font-family: 'Arial',sans-serif; color: black;\">Fonte <\/span><\/i><\/b><i><span style=\"font-family: 'Arial',sans-serif; color: black;\">Iglesia del Nazareno \u2013 Chile<\/span><\/i><\/p>\n<p>[\/et_pb_text][\/et_pb_column][\/et_pb_row][et_pb_row disabled_on=\u00bbon|on|on\u00bb _builder_version=\u00bb4.16&#8243; _module_preset=\u00bbdefault\u00bb disabled=\u00bbon\u00bb global_colors_info=\u00bb{}\u00bb][et_pb_column type=\u00bb4_4&#8243; _builder_version=\u00bb4.16&#8243; _module_preset=\u00bbdefault\u00bb global_colors_info=\u00bb{}\u00bb][et_pb_text disabled_on=\u00bboff|off|off\u00bb _builder_version=\u00bb4.16&#8243; _module_preset=\u00bbdefault\u00bb text_text_color=\u00bb#0C71C3&#8243; text_font_size=\u00bb23px\u00bb text_orientation=\u00bbcenter\u00bb global_colors_info=\u00bb{}\u00bb]<\/p>\n<p>CONTENIDO EN PORTUGUES<\/p>\n<p>[\/et_pb_text][\/et_pb_column][\/et_pb_row][et_pb_row module_class=\u00bbportugues\u00bb _builder_version=\u00bb4.16&#8243; _module_preset=\u00bbdefault\u00bb width=\u00bb100%\u00bb global_colors_info=\u00bb{}\u00bb][et_pb_column type=\u00bb4_4&#8243; module_class=\u00bbcolLeft\u00bb _builder_version=\u00bb4.16&#8243; _module_preset=\u00bbdefault\u00bb custom_padding=\u00bb|50px|||false|false\u00bb custom_padding_tablet=\u00bb|20px||20px|false|true\u00bb custom_padding_phone=\u00bb\u00bb custom_padding_last_edited=\u00bbon|phone\u00bb border_color_all=\u00bb#e0e0e0&#8243; border_width_right_tablet=\u00bb0px\u00bb border_width_right_phone=\u00bb0px\u00bb border_width_right_last_edited=\u00bbon|desktop\u00bb global_colors_info=\u00bb{}\u00bb][et_pb_code admin_label=\u00bbCode\u00bb _builder_version=\u00bb4.16&#8243; _module_preset=\u00bbdefault\u00bb background_enable_color=\u00bboff\u00bb positioning=\u00bbabsolute\u00bb position_origin_a=\u00bbtop_right\u00bb vertical_offset=\u00bb10px\u00bb horizontal_offset=\u00bb50px\u00bb z_index=\u00bb137&#8243; vertical_offset_tablet=\u00bb\u00bb vertical_offset_phone=\u00bb-45px\u00bb vertical_offset_last_edited=\u00bbon|phone\u00bb horizontal_offset_tablet=\u00bb20px\u00bb horizontal_offset_phone=\u00bb\u00bb horizontal_offset_last_edited=\u00bbon|phone\u00bb position_origin_a_tablet=\u00bb\u00bb position_origin_a_phone=\u00bb\u00bb position_origin_a_last_edited=\u00bbon|desktop\u00bb position_origin_f_tablet=\u00bb\u00bb position_origin_f_phone=\u00bb\u00bb position_origin_f_last_edited=\u00bbon|desktop\u00bb position_origin_r_tablet=\u00bb\u00bb position_origin_r_phone=\u00bb\u00bb position_origin_r_last_edited=\u00bbon|desktop\u00bb text_orientation=\u00bbright\u00bb width=\u00bb190px\u00bb height=\u00bb30px\u00bb positioning_tablet=\u00bb\u00bb positioning_phone=\u00bb\u00bb positioning_last_edited=\u00bbon|desktop\u00bb global_colors_info=\u00bb{}\u00bb]<!-- AddToAny BEGIN --><!-- [et_pb_line_break_holder] --><a class=\"a2a_dd\" href=\"https:\/\/www.addtoany.com\/share\" style=\"background: black;<!-- [et_pb_line_break_holder] -->    font-size: 18px;<!-- [et_pb_line_break_holder] -->    color: white;<!-- [et_pb_line_break_holder] -->    padding: 10px;text-transform: uppercase;\u00bb><!-- [et_pb_line_break_holder] -->  <svg style=\"width: 20px;\" aria-hidden=\"true\" focusable=\"false\" data-prefix=\"fas\" data-icon=\"share-square\" role=\"img\" xmlns=\"http:\/\/www.w3.org\/2000\/svg\" viewbox=\"0 0 576 512\" data-fa-i2svg=\"\"><path fill=\"currentColor\" d=\"M568.482 177.448L424.479 313.433C409.3 327.768 384 317.14 384 295.985v-71.963c-144.575.97-205.566 35.113-164.775 171.353 4.483 14.973-12.846 26.567-25.006 17.33C155.252 383.105 120 326.488 120 269.339c0-143.937 117.599-172.5 264-173.312V24.012c0-21.174 25.317-31.768 40.479-17.448l144.003 135.988c10.02 9.463 10.028 25.425 0 34.896zM384 379.128V448H64V128h50.916a11.99 11.99 0 0 0 8.648-3.693c14.953-15.568 32.237-27.89 51.014-37.676C185.708 80.83 181.584 64 169.033 64H48C21.49 64 0 85.49 0 112v352c0 26.51 21.49 48 48 48h352c26.51 0 48-21.49 48-48v-88.806c0-8.288-8.197-14.066-16.011-11.302a71.83 71.83 0 0 1-34.189 3.377c-7.27-1.046-13.8 4.514-13.8 11.859z\"><\/path><\/svg><!-- [et_pb_line_break_holder] -->  Compartilhar<!-- [et_pb_line_break_holder] --><\/a><!-- [et_pb_line_break_holder] --><script async src=\"https:\/\/static.addtoany.com\/menu\/page.js\"><\/script><!-- [et_pb_line_break_holder] --><!-- AddToAny END -->[\/et_pb_code][et_pb_text _builder_version=\u00bb4.27.5&#8243; _module_preset=\u00bbdefault\u00bb text_font=\u00bb|700|||||||\u00bb text_font_size=\u00bb25px\u00bb width=\u00bb78%\u00bb width_tablet=\u00bb\u00bb width_phone=\u00bb100%\u00bb width_last_edited=\u00bbon|phone\u00bb custom_margin=\u00bb||5px|||\u00bb global_colors_info=\u00bb{}\u00bb]<\/p>\n<p class=\"p1\">Solidariedade e servi\u00e7o: a Igreja do Nazareno acompanha as comunidades afetadas pelos inc\u00eandios no Chile<\/p>\n<p>[\/et_pb_text][et_pb_post_title title=\u00bboff\u00bb comments=\u00bboff\u00bb module_class=\u00bbtituloNoti\u00bb _builder_version=\u00bb4.16&#8243; _module_preset=\u00bbdefault\u00bb width_tablet=\u00bb\u00bb width_phone=\u00bb\u00bb width_last_edited=\u00bbon|phone\u00bb custom_padding=\u00bb|0px|||false|false\u00bb custom_padding_tablet=\u00bb|0px|||false|false\u00bb custom_padding_phone=\u00bb|0px|||false|false\u00bb custom_padding_last_edited=\u00bbon|phone\u00bb border_color_right=\u00bb#e8e8e8&#8243; border_width_right_tablet=\u00bb0px\u00bb border_width_right_phone=\u00bb\u00bb border_width_right_last_edited=\u00bbon|desktop\u00bb global_colors_info=\u00bb{}\u00bb][\/et_pb_post_title][et_pb_text _builder_version=\u00bb4.27.5&#8243; _module_preset=\u00bbdefault\u00bb text_font_size=\u00bb17px\u00bb global_colors_info=\u00bb{}\u00bb]<\/p>\n<p style=\"text-align: justify;\"><strong>(CNAS Chile) <\/strong>Em resposta \u00e0 emerg\u00eancia provocada pelos inc\u00eandios florestais no sul do Chile, a Igreja do Nazareno continua se mobilizando para oferecer ajuda concreta e acompanhamento \u00e0s fam\u00edlias afetadas.<\/p>\n<p class=\"p1\">No dia 19 de janeiro, uma equipe de volunt\u00e1rios deslocou-se at\u00e9 o setor de Punta Parra, levando um gerador a gasolina de 3.400 watts, al\u00e9m de barracas e itens b\u00e1sicos, com o objetivo de apoiar as fam\u00edlias que perderam seus lares e bens. Apesar das dificuldades de acesso ao local, a equipe conseguiu chegar e entregar a ajuda necess\u00e1ria.<\/p>\n<p class=\"p1\">Da mesma forma, nos dias seguintes, o pastor Daniel Escobar, juntamente com 12 jovens do Distrito, participou ativamente das a\u00e7\u00f5es de limpeza e remo\u00e7\u00e3o de escombros, retirando ferros e restos de resid\u00eancias afetadas pelo fogo. Paralelamente, jovens do Distrito continuam servindo na localidade de Lirqu\u00e9n, ampliando o apoio nas \u00e1reas atingidas.<\/p>\n<p class=\"p1\">Essas a\u00e7\u00f5es refletem o compromisso da Igreja em ser um instrumento de amor e servi\u00e7o, acompanhando com compaix\u00e3o aqueles que viveram momentos de profunda dor e desespero, ao verem suas casas e bens sendo consumidos pelas chamas, tendo que evacuar \u00e0s pressas.<\/p>\n<p class=\"p1\">Al\u00e9m disso, o Coordenador de Estrat\u00e9gia de \u00c1rea, Rev. Eduardo Meza, esteve presente no Distrito para apoiar e coordenar esfor\u00e7os junto aos minist\u00e9rios distritais, promovendo a sinergia e o trabalho conjunto em favor das comunidades afetadas.<\/p>\n<p class=\"p1\">Entre os testemunhos recolhidos, destaca-se o da jovem Aylin Matus de la Parra, que relatou com profunda dor que toda a sua fam\u00edlia perdeu seus lares. Embora sua casa n\u00e3o tenha sido atingida diretamente pelo fogo, eles precisaram evacuar de forma urgente. Aylin descreve esses momentos como extremamente desesperadores e angustiantes.<\/p>\n<p class=\"p1\">Em meio \u00e0 trag\u00e9dia, a Igreja do Nazareno reafirma seu chamado para ser luz e esperan\u00e7a em tempos de escurid\u00e3o, lembrando que Deus caminha ao lado daqueles que sofrem e que, como corpo de Cristo, somos chamados a levantar o ca\u00eddo, acompanhar o aflito e reconstruir com amor e f\u00e9.<\/p>\n<p class=\"p1\">Aqueles que desejarem somar-se a este trabalho solid\u00e1rio e apoiar as fam\u00edlias afetadas podem faz\u00ea-lo por meio dos seguintes dados:<\/p>\n<p class=\"p1\">Elizabeth Cristina Soto Venegas<br \/>RUT: 12.380.467-8<br \/>Banco: Prepago Tenpo<br \/>Tipo de conta: Conta corrente (conta vista)<br \/>N\u00famero da conta: 111112380467<br \/>E-mail: elizabethsotovenegas@gmail.com<\/p>\n<p class=\"p1\">Cada contribui\u00e7\u00e3o, ora\u00e7\u00e3o e gesto de solidariedade faz a diferen\u00e7a na vida daqueles que hoje precisam de esperan\u00e7a.<\/p>\n<p style=\"text-align: justify;\"><strong><em>Fonte: <\/em><\/strong><em>Igreja do Nazareno \u2013\u00a0 Chile<\/em><\/p>\n<p>[\/et_pb_text][\/et_pb_column][\/et_pb_row][et_pb_row _builder_version=\u00bb4.16&#8243; _module_preset=\u00bbdefault\u00bb width=\u00bb100%\u00bb global_colors_info=\u00bb{}\u00bb][et_pb_column type=\u00bb4_4&#8243; module_class=\u00bbcolLeft\u00bb _builder_version=\u00bb4.16&#8243; _module_preset=\u00bbdefault\u00bb custom_padding=\u00bb|50px|||false|false\u00bb custom_padding_tablet=\u00bb|20px||20px|false|true\u00bb custom_padding_phone=\u00bb\u00bb custom_padding_last_edited=\u00bbon|phone\u00bb border_color_all=\u00bb#e0e0e0&#8243; border_width_right_tablet=\u00bb0px\u00bb border_width_right_phone=\u00bb0px\u00bb border_width_right_last_edited=\u00bbon|desktop\u00bb global_colors_info=\u00bb{}\u00bb][et_pb_gallery gallery_ids=\u00bb50412,50413,50414,50415,50416,50417,50418,50419&#8243; posts_number=\u00bb8&#8243; show_title_and_caption=\u00bboff\u00bb zoom_icon_color=\u00bb#E02B20&#8243; hover_overlay_color=\u00bb#FFFFFF\u00bb hover_icon=\u00bb&#x54;||divi||400&#8243; _builder_version=\u00bb4.27.5&#8243; _module_preset=\u00bbdefault\u00bb title_font_size=\u00bb0px\u00bb width=\u00bb100%\u00bb module_alignment=\u00bbcenter\u00bb hover_enabled=\u00bb0&#8243; global_colors_info=\u00bb{}\u00bb sticky_enabled=\u00bb0&#8243;][\/et_pb_gallery][\/et_pb_column][\/et_pb_row][\/et_pb_section]<\/p>\n<span class=\"et_bloom_bottom_trigger\"><\/span>","protected":false},"excerpt":{"rendered":"<p>CONTENIDO EN ESPA\u00d1OL<\/p>","protected":false},"author":4,"featured_media":50418,"comment_status":"open","ping_status":"open","sticky":false,"template":"","format":"standard","meta":{"_et_pb_use_builder":"on","_et_pb_old_content":"","_et_gb_content_width":"","_monsterinsights_skip_tracking":false,"_monsterinsights_sitenote_active":false,"_monsterinsights_sitenote_note":"","_monsterinsights_sitenote_category":0,"_vp_format_video_url":"","_vp_image_focal_point":[],"footnotes":""},"categories":[134,12,48,1],"tags":[],"class_list":["post-50407","post","type-post","status-publish","format-standard","has-post-thumbnail","hentry","category-america-del-sur","category-chile","category-compasion","category-noticia"],"yoast_head":"<!-- This site is optimized with the Yoast SEO Premium plugin v23.6 (Yoast SEO v27.5) - https:\/\/yoast.com\/product\/yoast-seo-premium-wordpress\/ -->\n<title>Solidaridad y servicio: la Iglesia del Nazareno acompa\u00f1a a las comunidades afectadas por los incendios en Chile. | Iglesia del Nazareno Am\u00e9rica del Sur<\/title>\n<meta name=\"description\" content=\"Noticia\" \/>\n<meta name=\"robots\" content=\"noindex, follow\" \/>\n<meta property=\"og:locale\" content=\"pt_BR\" \/>\n<meta property=\"og:type\" content=\"article\" \/>\n<meta property=\"og:title\" content=\"Solidaridad y servicio: la Iglesia del Nazareno acompa\u00f1a a las comunidades afectadas por los incendios en Chile. | Iglesia del Nazareno Am\u00e9rica del Sur\" \/>\n<meta property=\"og:description\" content=\"Noticia\" \/>\n<meta property=\"og:url\" content=\"https:\/\/www.samnaz.org\/pt\/solidaridad-y-servicio-la-iglesia-del-nazareno-acompana-a-las-comunidades-afectadas-por-los-incendios-en-chile\/\" \/>\n<meta property=\"og:site_name\" content=\"Iglesia del Nazareno Am\u00e9rica del Sur\" \/>\n<meta property=\"article:publisher\" content=\"https:\/\/www.facebook.com\/NazarenoEsp\" \/>\n<meta property=\"article:published_time\" content=\"2026-01-20T20:05:24+00:00\" \/>\n<meta property=\"article:modified_time\" content=\"2026-01-22T19:09:48+00:00\" \/>\n<meta property=\"og:image\" content=\"https:\/\/www.samnaz.org\/wp-content\/uploads\/2026\/01\/Captura-de-Pantalla-2026-01-20-a-las-16.58.05.jpg\" \/>\n\t<meta property=\"og:image:width\" content=\"1058\" \/>\n\t<meta property=\"og:image:height\" content=\"626\" \/>\n\t<meta property=\"og:image:type\" content=\"image\/jpeg\" \/>\n<meta name=\"author\" content=\"Samnaz\" \/>\n<meta name=\"twitter:card\" content=\"summary_large_image\" \/>\n<meta name=\"twitter:label1\" content=\"Escrito por\" \/>\n\t<meta name=\"twitter:data1\" content=\"Samnaz\" \/>\n\t<meta name=\"twitter:label2\" content=\"Est. tempo de leitura\" \/>\n\t<meta name=\"twitter:data2\" content=\"6 minutos\" \/>\n<script type=\"application\/ld+json\" class=\"yoast-schema-graph\">{\"@context\":\"https:\\\/\\\/schema.org\",\"@graph\":[{\"@type\":\"Article\",\"@id\":\"https:\\\/\\\/www.samnaz.org\\\/solidaridad-y-servicio-la-iglesia-del-nazareno-acompana-a-las-comunidades-afectadas-por-los-incendios-en-chile\\\/#article\",\"isPartOf\":{\"@id\":\"https:\\\/\\\/www.samnaz.org\\\/solidaridad-y-servicio-la-iglesia-del-nazareno-acompana-a-las-comunidades-afectadas-por-los-incendios-en-chile\\\/\"},\"author\":{\"name\":\"Samnaz\",\"@id\":\"https:\\\/\\\/www.samnaz.org\\\/#\\\/schema\\\/person\\\/c09d1131c49ba510c7e1cbb677b39927\"},\"headline\":\"Solidaridad y servicio: la Iglesia del Nazareno acompa\u00f1a a las comunidades afectadas por los incendios en Chile.\",\"datePublished\":\"2026-01-20T20:05:24+00:00\",\"dateModified\":\"2026-01-22T19:09:48+00:00\",\"mainEntityOfPage\":{\"@id\":\"https:\\\/\\\/www.samnaz.org\\\/solidaridad-y-servicio-la-iglesia-del-nazareno-acompana-a-las-comunidades-afectadas-por-los-incendios-en-chile\\\/\"},\"wordCount\":302,\"commentCount\":0,\"publisher\":{\"@id\":\"https:\\\/\\\/www.samnaz.org\\\/#organization\"},\"image\":{\"@id\":\"https:\\\/\\\/www.samnaz.org\\\/solidaridad-y-servicio-la-iglesia-del-nazareno-acompana-a-las-comunidades-afectadas-por-los-incendios-en-chile\\\/#primaryimage\"},\"thumbnailUrl\":\"https:\\\/\\\/www.samnaz.org\\\/wp-content\\\/uploads\\\/2026\\\/01\\\/Captura-de-Pantalla-2026-01-20-a-las-16.58.05.jpg\",\"articleSection\":[\"Am\u00e9rica del Sur\",\"Chile\",\"Compasi\u00f3n\",\"Noticia\"],\"inLanguage\":\"pt-BR\",\"potentialAction\":[{\"@type\":\"CommentAction\",\"name\":\"Comment\",\"target\":[\"https:\\\/\\\/www.samnaz.org\\\/solidaridad-y-servicio-la-iglesia-del-nazareno-acompana-a-las-comunidades-afectadas-por-los-incendios-en-chile\\\/#respond\"]}]},{\"@type\":\"WebPage\",\"@id\":\"https:\\\/\\\/www.samnaz.org\\\/solidaridad-y-servicio-la-iglesia-del-nazareno-acompana-a-las-comunidades-afectadas-por-los-incendios-en-chile\\\/\",\"url\":\"https:\\\/\\\/www.samnaz.org\\\/solidaridad-y-servicio-la-iglesia-del-nazareno-acompana-a-las-comunidades-afectadas-por-los-incendios-en-chile\\\/\",\"name\":\"Solidaridad y servicio: la Iglesia del Nazareno acompa\u00f1a a las comunidades afectadas por los incendios en Chile. | Iglesia del Nazareno Am\u00e9rica del Sur\",\"isPartOf\":{\"@id\":\"https:\\\/\\\/www.samnaz.org\\\/#website\"},\"primaryImageOfPage\":{\"@id\":\"https:\\\/\\\/www.samnaz.org\\\/solidaridad-y-servicio-la-iglesia-del-nazareno-acompana-a-las-comunidades-afectadas-por-los-incendios-en-chile\\\/#primaryimage\"},\"image\":{\"@id\":\"https:\\\/\\\/www.samnaz.org\\\/solidaridad-y-servicio-la-iglesia-del-nazareno-acompana-a-las-comunidades-afectadas-por-los-incendios-en-chile\\\/#primaryimage\"},\"thumbnailUrl\":\"https:\\\/\\\/www.samnaz.org\\\/wp-content\\\/uploads\\\/2026\\\/01\\\/Captura-de-Pantalla-2026-01-20-a-las-16.58.05.jpg\",\"datePublished\":\"2026-01-20T20:05:24+00:00\",\"dateModified\":\"2026-01-22T19:09:48+00:00\",\"description\":\"Noticia\",\"inLanguage\":\"pt-BR\",\"potentialAction\":[{\"@type\":\"ReadAction\",\"target\":[\"https:\\\/\\\/www.samnaz.org\\\/solidaridad-y-servicio-la-iglesia-del-nazareno-acompana-a-las-comunidades-afectadas-por-los-incendios-en-chile\\\/\"]}]},{\"@type\":\"ImageObject\",\"inLanguage\":\"pt-BR\",\"@id\":\"https:\\\/\\\/www.samnaz.org\\\/solidaridad-y-servicio-la-iglesia-del-nazareno-acompana-a-las-comunidades-afectadas-por-los-incendios-en-chile\\\/#primaryimage\",\"url\":\"https:\\\/\\\/www.samnaz.org\\\/wp-content\\\/uploads\\\/2026\\\/01\\\/Captura-de-Pantalla-2026-01-20-a-las-16.58.05.jpg\",\"contentUrl\":\"https:\\\/\\\/www.samnaz.org\\\/wp-content\\\/uploads\\\/2026\\\/01\\\/Captura-de-Pantalla-2026-01-20-a-las-16.58.05.jpg\",\"width\":1058,\"height\":626},{\"@type\":\"WebSite\",\"@id\":\"https:\\\/\\\/www.samnaz.org\\\/#website\",\"url\":\"https:\\\/\\\/www.samnaz.org\\\/\",\"name\":\"Haciendo Disc\u00edpulos Semejantes a Cristo en las naciones\",\"description\":\"Haciendo disc\u00edpulos semejantes a Cristo en las Naciones\",\"publisher\":{\"@id\":\"https:\\\/\\\/www.samnaz.org\\\/#organization\"},\"alternateName\":\"Viviendo la Gran Comisi\u00f3n\",\"potentialAction\":[{\"@type\":\"SearchAction\",\"target\":{\"@type\":\"EntryPoint\",\"urlTemplate\":\"https:\\\/\\\/www.samnaz.org\\\/?s={search_term_string}\"},\"query-input\":{\"@type\":\"PropertyValueSpecification\",\"valueRequired\":true,\"valueName\":\"search_term_string\"}}],\"inLanguage\":\"pt-BR\"},{\"@type\":\"Organization\",\"@id\":\"https:\\\/\\\/www.samnaz.org\\\/#organization\",\"name\":\"Iglesia del Nazareno Am\u00e9rica del Sur\",\"url\":\"https:\\\/\\\/www.samnaz.org\\\/\",\"logo\":{\"@type\":\"ImageObject\",\"inLanguage\":\"pt-BR\",\"@id\":\"https:\\\/\\\/www.samnaz.org\\\/#\\\/schema\\\/logo\\\/image\\\/\",\"url\":\"https:\\\/\\\/www.samnaz.org\\\/wp-content\\\/uploads\\\/2021\\\/04\\\/Logo-3-ESP.png\",\"contentUrl\":\"https:\\\/\\\/www.samnaz.org\\\/wp-content\\\/uploads\\\/2021\\\/04\\\/Logo-3-ESP.png\",\"width\":1041,\"height\":780,\"caption\":\"Iglesia del Nazareno Am\u00e9rica del Sur\"},\"image\":{\"@id\":\"https:\\\/\\\/www.samnaz.org\\\/#\\\/schema\\\/logo\\\/image\\\/\"},\"sameAs\":[\"https:\\\/\\\/www.facebook.com\\\/NazarenoEsp\",\"https:\\\/\\\/www.instagram.com\\\/nazarenoesp\\\/\"],\"publishingPrinciples\":\"https:\\\/\\\/www.samnaz.org\\\/\"},{\"@type\":\"Person\",\"@id\":\"https:\\\/\\\/www.samnaz.org\\\/#\\\/schema\\\/person\\\/c09d1131c49ba510c7e1cbb677b39927\",\"name\":\"Samnaz\",\"image\":{\"@type\":\"ImageObject\",\"inLanguage\":\"pt-BR\",\"@id\":\"https:\\\/\\\/secure.gravatar.com\\\/avatar\\\/a5baaf0e270319d09c0efce6a9dd03ff93175913c70afe26595c0069c83fa6dc?s=96&d=mm&r=g\",\"url\":\"https:\\\/\\\/secure.gravatar.com\\\/avatar\\\/a5baaf0e270319d09c0efce6a9dd03ff93175913c70afe26595c0069c83fa6dc?s=96&d=mm&r=g\",\"contentUrl\":\"https:\\\/\\\/secure.gravatar.com\\\/avatar\\\/a5baaf0e270319d09c0efce6a9dd03ff93175913c70afe26595c0069c83fa6dc?s=96&d=mm&r=g\",\"caption\":\"Samnaz\"}}]}<\/script>\n<!-- \/ Yoast SEO Premium plugin. -->","yoast_head_json":{"title":"Solidaridad y servicio: la Iglesia del Nazareno acompa\u00f1a a las comunidades afectadas por los incendios en Chile. | Iglesia del Nazareno Am\u00e9rica del Sur","description":"Noticia","robots":{"index":"noindex","follow":"follow"},"og_locale":"pt_BR","og_type":"article","og_title":"Solidaridad y servicio: la Iglesia del Nazareno acompa\u00f1a a las comunidades afectadas por los incendios en Chile. | Iglesia del Nazareno Am\u00e9rica del Sur","og_description":"Noticia","og_url":"https:\/\/www.samnaz.org\/pt\/solidaridad-y-servicio-la-iglesia-del-nazareno-acompana-a-las-comunidades-afectadas-por-los-incendios-en-chile\/","og_site_name":"Iglesia del Nazareno Am\u00e9rica del Sur","article_publisher":"https:\/\/www.facebook.com\/NazarenoEsp","article_published_time":"2026-01-20T20:05:24+00:00","article_modified_time":"2026-01-22T19:09:48+00:00","og_image":[{"width":1058,"height":626,"url":"https:\/\/www.samnaz.org\/wp-content\/uploads\/2026\/01\/Captura-de-Pantalla-2026-01-20-a-las-16.58.05.jpg","type":"image\/jpeg"}],"author":"Samnaz","twitter_card":"summary_large_image","twitter_misc":{"Escrito por":"Samnaz","Est. tempo de leitura":"6 minutos"},"schema":{"@context":"https:\/\/schema.org","@graph":[{"@type":"Article","@id":"https:\/\/www.samnaz.org\/solidaridad-y-servicio-la-iglesia-del-nazareno-acompana-a-las-comunidades-afectadas-por-los-incendios-en-chile\/#article","isPartOf":{"@id":"https:\/\/www.samnaz.org\/solidaridad-y-servicio-la-iglesia-del-nazareno-acompana-a-las-comunidades-afectadas-por-los-incendios-en-chile\/"},"author":{"name":"Samnaz","@id":"https:\/\/www.samnaz.org\/#\/schema\/person\/c09d1131c49ba510c7e1cbb677b39927"},"headline":"Solidaridad y servicio: la Iglesia del Nazareno acompa\u00f1a a las comunidades afectadas por los incendios en Chile.","datePublished":"2026-01-20T20:05:24+00:00","dateModified":"2026-01-22T19:09:48+00:00","mainEntityOfPage":{"@id":"https:\/\/www.samnaz.org\/solidaridad-y-servicio-la-iglesia-del-nazareno-acompana-a-las-comunidades-afectadas-por-los-incendios-en-chile\/"},"wordCount":302,"commentCount":0,"publisher":{"@id":"https:\/\/www.samnaz.org\/#organization"},"image":{"@id":"https:\/\/www.samnaz.org\/solidaridad-y-servicio-la-iglesia-del-nazareno-acompana-a-las-comunidades-afectadas-por-los-incendios-en-chile\/#primaryimage"},"thumbnailUrl":"https:\/\/www.samnaz.org\/wp-content\/uploads\/2026\/01\/Captura-de-Pantalla-2026-01-20-a-las-16.58.05.jpg","articleSection":["Am\u00e9rica del Sur","Chile","Compasi\u00f3n","Noticia"],"inLanguage":"pt-BR","potentialAction":[{"@type":"CommentAction","name":"Comment","target":["https:\/\/www.samnaz.org\/solidaridad-y-servicio-la-iglesia-del-nazareno-acompana-a-las-comunidades-afectadas-por-los-incendios-en-chile\/#respond"]}]},{"@type":"WebPage","@id":"https:\/\/www.samnaz.org\/solidaridad-y-servicio-la-iglesia-del-nazareno-acompana-a-las-comunidades-afectadas-por-los-incendios-en-chile\/","url":"https:\/\/www.samnaz.org\/solidaridad-y-servicio-la-iglesia-del-nazareno-acompana-a-las-comunidades-afectadas-por-los-incendios-en-chile\/","name":"Solidaridad y servicio: la Iglesia del Nazareno acompa\u00f1a a las comunidades afectadas por los incendios en Chile. | Iglesia del Nazareno Am\u00e9rica del Sur","isPartOf":{"@id":"https:\/\/www.samnaz.org\/#website"},"primaryImageOfPage":{"@id":"https:\/\/www.samnaz.org\/solidaridad-y-servicio-la-iglesia-del-nazareno-acompana-a-las-comunidades-afectadas-por-los-incendios-en-chile\/#primaryimage"},"image":{"@id":"https:\/\/www.samnaz.org\/solidaridad-y-servicio-la-iglesia-del-nazareno-acompana-a-las-comunidades-afectadas-por-los-incendios-en-chile\/#primaryimage"},"thumbnailUrl":"https:\/\/www.samnaz.org\/wp-content\/uploads\/2026\/01\/Captura-de-Pantalla-2026-01-20-a-las-16.58.05.jpg","datePublished":"2026-01-20T20:05:24+00:00","dateModified":"2026-01-22T19:09:48+00:00","description":"Noticia","inLanguage":"pt-BR","potentialAction":[{"@type":"ReadAction","target":["https:\/\/www.samnaz.org\/solidaridad-y-servicio-la-iglesia-del-nazareno-acompana-a-las-comunidades-afectadas-por-los-incendios-en-chile\/"]}]},{"@type":"ImageObject","inLanguage":"pt-BR","@id":"https:\/\/www.samnaz.org\/solidaridad-y-servicio-la-iglesia-del-nazareno-acompana-a-las-comunidades-afectadas-por-los-incendios-en-chile\/#primaryimage","url":"https:\/\/www.samnaz.org\/wp-content\/uploads\/2026\/01\/Captura-de-Pantalla-2026-01-20-a-las-16.58.05.jpg","contentUrl":"https:\/\/www.samnaz.org\/wp-content\/uploads\/2026\/01\/Captura-de-Pantalla-2026-01-20-a-las-16.58.05.jpg","width":1058,"height":626},{"@type":"WebSite","@id":"https:\/\/www.samnaz.org\/#website","url":"https:\/\/www.samnaz.org\/","name":"Haciendo Disc\u00edpulos Semejantes a Cristo en las naciones","description":"Haciendo disc\u00edpulos semejantes a Cristo en las Naciones","publisher":{"@id":"https:\/\/www.samnaz.org\/#organization"},"alternateName":"Viviendo la Gran Comisi\u00f3n","potentialAction":[{"@type":"SearchAction","target":{"@type":"EntryPoint","urlTemplate":"https:\/\/www.samnaz.org\/?s={search_term_string}"},"query-input":{"@type":"PropertyValueSpecification","valueRequired":true,"valueName":"search_term_string"}}],"inLanguage":"pt-BR"},{"@type":"Organization","@id":"https:\/\/www.samnaz.org\/#organization","name":"Iglesia del Nazareno Am\u00e9rica del Sur","url":"https:\/\/www.samnaz.org\/","logo":{"@type":"ImageObject","inLanguage":"pt-BR","@id":"https:\/\/www.samnaz.org\/#\/schema\/logo\/image\/","url":"https:\/\/www.samnaz.org\/wp-content\/uploads\/2021\/04\/Logo-3-ESP.png","contentUrl":"https:\/\/www.samnaz.org\/wp-content\/uploads\/2021\/04\/Logo-3-ESP.png","width":1041,"height":780,"caption":"Iglesia del Nazareno Am\u00e9rica del Sur"},"image":{"@id":"https:\/\/www.samnaz.org\/#\/schema\/logo\/image\/"},"sameAs":["https:\/\/www.facebook.com\/NazarenoEsp","https:\/\/www.instagram.com\/nazarenoesp\/"],"publishingPrinciples":"https:\/\/www.samnaz.org\/"},{"@type":"Person","@id":"https:\/\/www.samnaz.org\/#\/schema\/person\/c09d1131c49ba510c7e1cbb677b39927","name":"Samnaz","image":{"@type":"ImageObject","inLanguage":"pt-BR","@id":"https:\/\/secure.gravatar.com\/avatar\/a5baaf0e270319d09c0efce6a9dd03ff93175913c70afe26595c0069c83fa6dc?s=96&d=mm&r=g","url":"https:\/\/secure.gravatar.com\/avatar\/a5baaf0e270319d09c0efce6a9dd03ff93175913c70afe26595c0069c83fa6dc?s=96&d=mm&r=g","contentUrl":"https:\/\/secure.gravatar.com\/avatar\/a5baaf0e270319d09c0efce6a9dd03ff93175913c70afe26595c0069c83fa6dc?s=96&d=mm&r=g","caption":"Samnaz"}}]}},"_links":{"self":[{"href":"https:\/\/www.samnaz.org\/pt\/wp-json\/wp\/v2\/posts\/50407","targetHints":{"allow":["GET"]}}],"collection":[{"href":"https:\/\/www.samnaz.org\/pt\/wp-json\/wp\/v2\/posts"}],"about":[{"href":"https:\/\/www.samnaz.org\/pt\/wp-json\/wp\/v2\/types\/post"}],"author":[{"embeddable":true,"href":"https:\/\/www.samnaz.org\/pt\/wp-json\/wp\/v2\/users\/4"}],"replies":[{"embeddable":true,"href":"https:\/\/www.samnaz.org\/pt\/wp-json\/wp\/v2\/comments?post=50407"}],"version-history":[{"count":5,"href":"https:\/\/www.samnaz.org\/pt\/wp-json\/wp\/v2\/posts\/50407\/revisions"}],"predecessor-version":[{"id":50422,"href":"https:\/\/www.samnaz.org\/pt\/wp-json\/wp\/v2\/posts\/50407\/revisions\/50422"}],"wp:featuredmedia":[{"embeddable":true,"href":"https:\/\/www.samnaz.org\/pt\/wp-json\/wp\/v2\/media\/50418"}],"wp:attachment":[{"href":"https:\/\/www.samnaz.org\/pt\/wp-json\/wp\/v2\/media?parent=50407"}],"wp:term":[{"taxonomy":"category","embeddable":true,"href":"https:\/\/www.samnaz.org\/pt\/wp-json\/wp\/v2\/categories?post=50407"},{"taxonomy":"post_tag","embeddable":true,"href":"https:\/\/www.samnaz.org\/pt\/wp-json\/wp\/v2\/tags?post=50407"}],"curies":[{"name":"wp","href":"https:\/\/api.w.org\/{rel}","templated":true}]}}