{"id":50443,"date":"2026-01-26T10:59:24","date_gmt":"2026-01-26T13:59:24","guid":{"rendered":"https:\/\/www.samnaz.org\/?p=50443"},"modified":"2026-01-26T16:06:20","modified_gmt":"2026-01-26T19:06:20","slug":"camaragibe-celebra-la-inauguracion-de-la-iglesia-del-nazareno-tras-una-semana-de-mision-y-servicio","status":"publish","type":"post","link":"https:\/\/www.samnaz.org\/pt\/camaragibe-celebra-la-inauguracion-de-la-iglesia-del-nazareno-tras-una-semana-de-mision-y-servicio\/","title":{"rendered":"Camaragibe celebra la inauguraci\u00f3n de la Iglesia del Nazareno tras una semana de misi\u00f3n y servicio"},"content":{"rendered":"<p>[et_pb_section fb_built=\u00bb1&#8243; _builder_version=\u00bb4.16&#8243; _module_preset=\u00bbdefault\u00bb custom_padding=\u00bb0px||||false|false\u00bb global_colors_info=\u00bb{}\u00bb][et_pb_row disabled_on=\u00bbon|on|on\u00bb _builder_version=\u00bb4.16&#8243; _module_preset=\u00bbdefault\u00bb disabled=\u00bbon\u00bb global_colors_info=\u00bb{}\u00bb][et_pb_column type=\u00bb4_4&#8243; _builder_version=\u00bb4.16&#8243; _module_preset=\u00bbdefault\u00bb global_colors_info=\u00bb{}\u00bb][et_pb_text disabled_on=\u00bboff|off|off\u00bb _builder_version=\u00bb4.16&#8243; _module_preset=\u00bbdefault\u00bb text_text_color=\u00bb#0C71C3&#8243; text_font_size=\u00bb23px\u00bb text_orientation=\u00bbcenter\u00bb global_colors_info=\u00bb{}\u00bb]<\/p>\n<p>CONTENIDO EN ESPA\u00d1OL<\/p>\n<p>[\/et_pb_text][\/et_pb_column][\/et_pb_row][et_pb_row module_class=\u00bbespanol\u00bb _builder_version=\u00bb4.16&#8243; _module_preset=\u00bbdefault\u00bb width=\u00bb100%\u00bb global_colors_info=\u00bb{}\u00bb][et_pb_column type=\u00bb4_4&#8243; module_class=\u00bbcolLeft\u00bb _builder_version=\u00bb4.16&#8243; _module_preset=\u00bbdefault\u00bb custom_padding=\u00bb|50px|||false|false\u00bb custom_padding_tablet=\u00bb|20px||20px|false|true\u00bb custom_padding_phone=\u00bb\u00bb custom_padding_last_edited=\u00bbon|phone\u00bb border_color_all=\u00bb#e0e0e0&#8243; border_width_right_tablet=\u00bb0px\u00bb border_width_right_phone=\u00bb0px\u00bb border_width_right_last_edited=\u00bbon|desktop\u00bb global_colors_info=\u00bb{}\u00bb][et_pb_code admin_label=\u00bbCode\u00bb _builder_version=\u00bb4.16&#8243; _module_preset=\u00bbdefault\u00bb background_enable_color=\u00bboff\u00bb positioning=\u00bbabsolute\u00bb position_origin_a=\u00bbtop_right\u00bb vertical_offset=\u00bb10px\u00bb horizontal_offset=\u00bb50px\u00bb z_index=\u00bb137&#8243; vertical_offset_tablet=\u00bb\u00bb vertical_offset_phone=\u00bb-45px\u00bb vertical_offset_last_edited=\u00bbon|phone\u00bb horizontal_offset_tablet=\u00bb20px\u00bb horizontal_offset_phone=\u00bb\u00bb horizontal_offset_last_edited=\u00bbon|phone\u00bb position_origin_a_tablet=\u00bb\u00bb position_origin_a_phone=\u00bb\u00bb position_origin_a_last_edited=\u00bbon|desktop\u00bb position_origin_f_tablet=\u00bb\u00bb position_origin_f_phone=\u00bb\u00bb position_origin_f_last_edited=\u00bbon|desktop\u00bb position_origin_r_tablet=\u00bb\u00bb position_origin_r_phone=\u00bb\u00bb position_origin_r_last_edited=\u00bbon|desktop\u00bb text_orientation=\u00bbright\u00bb width=\u00bb160px\u00bb height=\u00bb30px\u00bb positioning_tablet=\u00bb\u00bb positioning_phone=\u00bb\u00bb positioning_last_edited=\u00bbon|desktop\u00bb global_colors_info=\u00bb{}\u00bb]<!-- AddToAny BEGIN --><!-- [et_pb_line_break_holder] --><a class=\"a2a_dd\" href=\"https:\/\/www.addtoany.com\/share\" style=\"background: black;<!-- [et_pb_line_break_holder] -->    font-size: 18px;<!-- [et_pb_line_break_holder] -->    color: white;<!-- [et_pb_line_break_holder] -->    padding: 10px;text-transform: uppercase;\u00bb><!-- [et_pb_line_break_holder] -->  <svg style=\"width: 20px;\" aria-hidden=\"true\" focusable=\"false\" data-prefix=\"fas\" data-icon=\"share-square\" role=\"img\" xmlns=\"http:\/\/www.w3.org\/2000\/svg\" viewbox=\"0 0 576 512\" data-fa-i2svg=\"\"><path fill=\"currentColor\" d=\"M568.482 177.448L424.479 313.433C409.3 327.768 384 317.14 384 295.985v-71.963c-144.575.97-205.566 35.113-164.775 171.353 4.483 14.973-12.846 26.567-25.006 17.33C155.252 383.105 120 326.488 120 269.339c0-143.937 117.599-172.5 264-173.312V24.012c0-21.174 25.317-31.768 40.479-17.448l144.003 135.988c10.02 9.463 10.028 25.425 0 34.896zM384 379.128V448H64V128h50.916a11.99 11.99 0 0 0 8.648-3.693c14.953-15.568 32.237-27.89 51.014-37.676C185.708 80.83 181.584 64 169.033 64H48C21.49 64 0 85.49 0 112v352c0 26.51 21.49 48 48 48h352c26.51 0 48-21.49 48-48v-88.806c0-8.288-8.197-14.066-16.011-11.302a71.83 71.83 0 0 1-34.189 3.377c-7.27-1.046-13.8 4.514-13.8 11.859z\"><\/path><\/svg><!-- [et_pb_line_break_holder] -->  COMPARTILHAR<!-- [et_pb_line_break_holder] --><\/a><!-- [et_pb_line_break_holder] --><script async src=\"https:\/\/static.addtoany.com\/menu\/page.js\"><\/script><!-- [et_pb_line_break_holder] --><!-- AddToAny END -->[\/et_pb_code][et_pb_text _builder_version=\u00bb4.27.5&#8243; _module_preset=\u00bbdefault\u00bb text_font=\u00bb|700|||||||\u00bb text_font_size=\u00bb25px\u00bb width=\u00bb78%\u00bb width_tablet=\u00bb\u00bb width_phone=\u00bb100%\u00bb width_last_edited=\u00bbon|phone\u00bb custom_margin=\u00bb||5px|||\u00bb global_colors_info=\u00bb{}\u00bb]<\/p>\n<p class=\"p1\">Camaragibe celebra la inauguraci\u00f3n de la Iglesia del Nazareno tras una semana de misi\u00f3n y servicio<\/p>\n<p>[\/et_pb_text][et_pb_post_title title=\u00bboff\u00bb comments=\u00bboff\u00bb module_class=\u00bbtituloNoti\u00bb _builder_version=\u00bb4.16&#8243; _module_preset=\u00bbdefault\u00bb width_tablet=\u00bb\u00bb width_phone=\u00bb\u00bb width_last_edited=\u00bbon|phone\u00bb custom_padding=\u00bb|0px|||false|false\u00bb custom_padding_tablet=\u00bb|0px|||false|false\u00bb custom_padding_phone=\u00bb|0px|||false|false\u00bb custom_padding_last_edited=\u00bbon|phone\u00bb border_color_right=\u00bb#e8e8e8&#8243; border_width_right_tablet=\u00bb0px\u00bb border_width_right_phone=\u00bb\u00bb border_width_right_last_edited=\u00bbon|desktop\u00bb global_colors_info=\u00bb{}\u00bb][\/et_pb_post_title][et_pb_text _builder_version=\u00bb4.27.5&#8243; _module_preset=\u00bbdefault\u00bb text_font_size=\u00bb17px\u00bb global_colors_info=\u00bb{}\u00bb]<\/p>\n<p style=\"margin: 0cm 0cm 15pt; text-align: justify;\"><b><span style=\"font-family: 'Arial',sans-serif; color: black;\">(CNAS Brasil) <\/span><\/b>La ciudad de Camaragibe, en el estado de Pernambuco, vivi\u00f3 una semana hist\u00f3rica de celebraci\u00f3n, misi\u00f3n y testimonio cristiano durante las actividades realizadas del 12 al 18 de enero de 2026, que culminaron con la inauguraci\u00f3n oficial de la Iglesia del Nazareno en la localidad. La actividad se desarroll\u00f3 bajo la coordinaci\u00f3n del pastor Ricardo Deodato, de la Iglesia del Nazareno en Sucupira, y de la Conexi\u00f3n Misionera, bajo la coordinaci\u00f3n del pastor Andr\u00e9, de la Iglesia del Nazareno en Bodocong\u00f3.<\/p>\n<p class=\"p1\">A lo largo de estos d\u00edas, la iglesia desarroll\u00f3 una intensa agenda ministerial que incluy\u00f3 tiempos devocionales, acciones de evangelismo urbano, grupos familiares en los hogares, cultos en plazas p\u00fablicas y una significativa acci\u00f3n social, impactando de manera directa a la comunidad y fortaleciendo la presencia de la Iglesia del Nazareno en la regi\u00f3n.<\/p>\n<p class=\"p1\">El culto de apertura cont\u00f3 con la predicaci\u00f3n del Rev. Ivo, de la Iglesia Central de Paulista, quien comparti\u00f3 un mensaje de \u00e1nimo y desaf\u00edo espiritual, marcando el inicio de una nueva etapa para la congregaci\u00f3n y para la obra nazarena en Camaragibe.<\/p>\n<p class=\"p1\">La iglesia local es pastoreada por el Pr. Erivanio Batista da Silva, quien tiene una profunda trayectoria dentro de la Iglesia del Nazareno. Conoci\u00f3 la denominaci\u00f3n a los cinco a\u00f1os de edad, cuando se iniciaba la Iglesia del Nazareno en Sucupira, reuni\u00e9ndose en la casa del hermano Alfredo y la hermana Lurdinha, bajo el liderazgo del Rev. Sidney Xax\u00e1 y su esposa, la misionera Ivanise, en el a\u00f1o 1996. Creci\u00f3 en la iglesia, desarroll\u00f3 su llamado ministerial y, tras su formaci\u00f3n en el seminario, hoy sirve como pastor en Camaragibe junto a su esposa, quien tambi\u00e9n cuenta con una s\u00f3lida trayectoria dentro de la Iglesia del Nazareno.<\/p>\n<p class=\"p1\">El \u00faltimo d\u00eda de las actividades fue especialmente significativo, con la apertura e inauguraci\u00f3n oficial del templo, consolidando el fruto de un proceso de fe, perseverancia y servicio, y afirmando el compromiso de la iglesia con la misi\u00f3n integral: proclamar el evangelio, servir a la comunidad y formar disc\u00edpulos centrados en Cristo.<\/p>\n<p class=\"p1\">Este tiempo de celebraci\u00f3n y misi\u00f3n reafirma el llamado de la Iglesia del Nazareno en Camaragibe a seguir sirviendo con fidelidad, amor y obediencia a Dios, para la transformaci\u00f3n de vidas y el avance del Reino en Pernambuco.<\/p>\n<p style=\"margin: 0cm 0cm 15pt; text-align: justify;\"><b><span style=\"font-family: 'Arial',sans-serif; color: black;\"><\/span><\/b><b><i><span style=\"font-family: 'Arial',sans-serif; color: black;\">Fonte <\/span><\/i><\/b><i><span style=\"font-family: 'Arial',sans-serif; color: black;\">Iglesia del Nazareno \u2013 Brasil.<\/span><\/i><\/p>\n<p>[\/et_pb_text][\/et_pb_column][\/et_pb_row][et_pb_row disabled_on=\u00bbon|on|on\u00bb _builder_version=\u00bb4.16&#8243; _module_preset=\u00bbdefault\u00bb disabled=\u00bbon\u00bb global_colors_info=\u00bb{}\u00bb][et_pb_column type=\u00bb4_4&#8243; _builder_version=\u00bb4.16&#8243; _module_preset=\u00bbdefault\u00bb global_colors_info=\u00bb{}\u00bb][et_pb_text disabled_on=\u00bboff|off|off\u00bb _builder_version=\u00bb4.16&#8243; _module_preset=\u00bbdefault\u00bb text_text_color=\u00bb#0C71C3&#8243; text_font_size=\u00bb23px\u00bb text_orientation=\u00bbcenter\u00bb global_colors_info=\u00bb{}\u00bb]<\/p>\n<p>CONTENIDO EN PORTUGUES<\/p>\n<p>[\/et_pb_text][\/et_pb_column][\/et_pb_row][et_pb_row module_class=\u00bbportugues\u00bb _builder_version=\u00bb4.16&#8243; _module_preset=\u00bbdefault\u00bb width=\u00bb100%\u00bb global_colors_info=\u00bb{}\u00bb][et_pb_column type=\u00bb4_4&#8243; module_class=\u00bbcolLeft\u00bb _builder_version=\u00bb4.16&#8243; _module_preset=\u00bbdefault\u00bb custom_padding=\u00bb|50px|||false|false\u00bb custom_padding_tablet=\u00bb|20px||20px|false|true\u00bb custom_padding_phone=\u00bb\u00bb custom_padding_last_edited=\u00bbon|phone\u00bb border_color_all=\u00bb#e0e0e0&#8243; border_width_right_tablet=\u00bb0px\u00bb border_width_right_phone=\u00bb0px\u00bb border_width_right_last_edited=\u00bbon|desktop\u00bb global_colors_info=\u00bb{}\u00bb][et_pb_code admin_label=\u00bbCode\u00bb _builder_version=\u00bb4.16&#8243; _module_preset=\u00bbdefault\u00bb background_enable_color=\u00bboff\u00bb positioning=\u00bbabsolute\u00bb position_origin_a=\u00bbtop_right\u00bb vertical_offset=\u00bb10px\u00bb horizontal_offset=\u00bb50px\u00bb z_index=\u00bb137&#8243; vertical_offset_tablet=\u00bb\u00bb vertical_offset_phone=\u00bb-45px\u00bb vertical_offset_last_edited=\u00bbon|phone\u00bb horizontal_offset_tablet=\u00bb20px\u00bb horizontal_offset_phone=\u00bb\u00bb horizontal_offset_last_edited=\u00bbon|phone\u00bb position_origin_a_tablet=\u00bb\u00bb position_origin_a_phone=\u00bb\u00bb position_origin_a_last_edited=\u00bbon|desktop\u00bb position_origin_f_tablet=\u00bb\u00bb position_origin_f_phone=\u00bb\u00bb position_origin_f_last_edited=\u00bbon|desktop\u00bb position_origin_r_tablet=\u00bb\u00bb position_origin_r_phone=\u00bb\u00bb position_origin_r_last_edited=\u00bbon|desktop\u00bb text_orientation=\u00bbright\u00bb width=\u00bb190px\u00bb height=\u00bb30px\u00bb positioning_tablet=\u00bb\u00bb positioning_phone=\u00bb\u00bb positioning_last_edited=\u00bbon|desktop\u00bb global_colors_info=\u00bb{}\u00bb]<!-- AddToAny BEGIN --><!-- [et_pb_line_break_holder] --><a class=\"a2a_dd\" href=\"https:\/\/www.addtoany.com\/share\" style=\"background: black;<!-- [et_pb_line_break_holder] -->    font-size: 18px;<!-- [et_pb_line_break_holder] -->    color: white;<!-- [et_pb_line_break_holder] -->    padding: 10px;text-transform: uppercase;\u00bb><!-- [et_pb_line_break_holder] -->  <svg style=\"width: 20px;\" aria-hidden=\"true\" focusable=\"false\" data-prefix=\"fas\" data-icon=\"share-square\" role=\"img\" xmlns=\"http:\/\/www.w3.org\/2000\/svg\" viewbox=\"0 0 576 512\" data-fa-i2svg=\"\"><path fill=\"currentColor\" d=\"M568.482 177.448L424.479 313.433C409.3 327.768 384 317.14 384 295.985v-71.963c-144.575.97-205.566 35.113-164.775 171.353 4.483 14.973-12.846 26.567-25.006 17.33C155.252 383.105 120 326.488 120 269.339c0-143.937 117.599-172.5 264-173.312V24.012c0-21.174 25.317-31.768 40.479-17.448l144.003 135.988c10.02 9.463 10.028 25.425 0 34.896zM384 379.128V448H64V128h50.916a11.99 11.99 0 0 0 8.648-3.693c14.953-15.568 32.237-27.89 51.014-37.676C185.708 80.83 181.584 64 169.033 64H48C21.49 64 0 85.49 0 112v352c0 26.51 21.49 48 48 48h352c26.51 0 48-21.49 48-48v-88.806c0-8.288-8.197-14.066-16.011-11.302a71.83 71.83 0 0 1-34.189 3.377c-7.27-1.046-13.8 4.514-13.8 11.859z\"><\/path><\/svg><!-- [et_pb_line_break_holder] -->  Compartilhar<!-- [et_pb_line_break_holder] --><\/a><!-- [et_pb_line_break_holder] --><script async src=\"https:\/\/static.addtoany.com\/menu\/page.js\"><\/script><!-- [et_pb_line_break_holder] --><!-- AddToAny END -->[\/et_pb_code][et_pb_text _builder_version=\u00bb4.27.5&#8243; _module_preset=\u00bbdefault\u00bb text_font=\u00bb|700|||||||\u00bb text_font_size=\u00bb25px\u00bb width=\u00bb78%\u00bb width_tablet=\u00bb\u00bb width_phone=\u00bb100%\u00bb width_last_edited=\u00bbon|phone\u00bb custom_margin=\u00bb||5px|||\u00bb global_colors_info=\u00bb{}\u00bb]<\/p>\n<p class=\"p1\">Camaragibe celebra a inaugura\u00e7\u00e3o da Igreja do Nazareno ap\u00f3s uma semana de miss\u00e3o e servi\u00e7o<\/p>\n<p>[\/et_pb_text][et_pb_post_title title=\u00bboff\u00bb comments=\u00bboff\u00bb module_class=\u00bbtituloNoti\u00bb _builder_version=\u00bb4.16&#8243; _module_preset=\u00bbdefault\u00bb width_tablet=\u00bb\u00bb width_phone=\u00bb\u00bb width_last_edited=\u00bbon|phone\u00bb custom_padding=\u00bb|0px|||false|false\u00bb custom_padding_tablet=\u00bb|0px|||false|false\u00bb custom_padding_phone=\u00bb|0px|||false|false\u00bb custom_padding_last_edited=\u00bbon|phone\u00bb border_color_right=\u00bb#e8e8e8&#8243; border_width_right_tablet=\u00bb0px\u00bb border_width_right_phone=\u00bb\u00bb border_width_right_last_edited=\u00bbon|desktop\u00bb global_colors_info=\u00bb{}\u00bb][\/et_pb_post_title][et_pb_text _builder_version=\u00bb4.27.5&#8243; _module_preset=\u00bbdefault\u00bb text_font_size=\u00bb17px\u00bb global_colors_info=\u00bb{}\u00bb]<\/p>\n<p style=\"text-align: justify;\"><strong>(CNAS Brasil) <\/strong>A cidade de Camaragibe, no estado de Pernambuco, viveu uma semana hist\u00f3rica de celebra\u00e7\u00e3o, miss\u00e3o e testemunho crist\u00e3o durante as atividades realizadas de 12 a 18 de janeiro de 2026, que culminaram com a inaugura\u00e7\u00e3o oficial da Igreja do Nazareno na localidade, a atividade foi realizada sob a coordena\u00e7\u00e3o do pastor Ricardo Deodato, da Igreja do Nazareno em Sucupira, e da Conex\u00e3o Mission\u00e1ria, sob a coordena\u00e7\u00e3o do pastor Andr\u00e9, da Igreja do Nazareno em Bodocong\u00f3.<\/p>\n<p style=\"text-align: justify;\">Ao longo desses dias, a igreja desenvolveu uma intensa agenda ministerial que incluiu momentos devocionais, a\u00e7\u00f5es de evangelismo urbano, grupos familiares nos lares, cultos em pra\u00e7as p\u00fablicas e uma significativa a\u00e7\u00e3o social, impactando diretamente a comunidade e fortalecendo a presen\u00e7a da Igreja do Nazareno na regi\u00e3o.<\/p>\n<p class=\"p1\">O culto de abertura contou com a prega\u00e7\u00e3o do Rev. Ivo, da Igreja Central de Paulista, que compartilhou uma mensagem de encorajamento e desafio espiritual, marcando o in\u00edcio de uma nova etapa para a congrega\u00e7\u00e3o e para a obra nazarena em Camaragibe.<\/p>\n<p class=\"p1\">A igreja local \u00e9 pastoreada pelo Pr. Erivanio Batista da Silva, que possui uma profunda trajet\u00f3ria dentro da Igreja do Nazareno. Conheceu a denomina\u00e7\u00e3o aos cinco anos de idade, quando se iniciava a Igreja do Nazareno em Sucupira, reunindo-se na casa do irm\u00e3o Alfredo e da irm\u00e3 Lurdinha, sob a lideran\u00e7a do Rev. Sidney Xax\u00e1 e de sua esposa, a mission\u00e1ria Ivanise, no ano de 1996. Cresceu na igreja, desenvolveu seu chamado ministerial e, ap\u00f3s sua forma\u00e7\u00e3o no semin\u00e1rio, hoje serve como pastor em Camaragibe junto com sua esposa, que tamb\u00e9m possui uma s\u00f3lida trajet\u00f3ria na Igreja do Nazareno.<\/p>\n<p class=\"p1\">O \u00faltimo dia das atividades foi especialmente significativo, com a abertura e inaugura\u00e7\u00e3o oficial do templo, consolidando o fruto de um processo de f\u00e9, perseveran\u00e7a e servi\u00e7o, e afirmando o compromisso da igreja com a miss\u00e3o integral: proclamar o evangelho, servir \u00e0 comunidade e formar disc\u00edpulos centrados em Cristo.<\/p>\n<p class=\"p1\">Este tempo de celebra\u00e7\u00e3o e miss\u00e3o reafirma o chamado da Igreja do Nazareno em Camaragibe a continuar servindo com fidelidade, amor e obedi\u00eancia a Deus, para a transforma\u00e7\u00e3o de vidas e o avan\u00e7o do Reino em Pernambuco.<\/p>\n<p style=\"text-align: justify;\"><strong><em>Fonte: <\/em><\/strong><em>Igreja do Nazareno \u2013 Brasil.<\/em><\/p>\n<p>[\/et_pb_text][\/et_pb_column][\/et_pb_row][et_pb_row _builder_version=\u00bb4.16&#8243; _module_preset=\u00bbdefault\u00bb width=\u00bb100%\u00bb global_colors_info=\u00bb{}\u00bb][et_pb_column type=\u00bb4_4&#8243; module_class=\u00bbcolLeft\u00bb _builder_version=\u00bb4.16&#8243; _module_preset=\u00bbdefault\u00bb custom_padding=\u00bb|50px|||false|false\u00bb custom_padding_tablet=\u00bb|20px||20px|false|true\u00bb custom_padding_phone=\u00bb\u00bb custom_padding_last_edited=\u00bbon|phone\u00bb border_color_all=\u00bb#e0e0e0&#8243; border_width_right_tablet=\u00bb0px\u00bb border_width_right_phone=\u00bb0px\u00bb border_width_right_last_edited=\u00bbon|desktop\u00bb global_colors_info=\u00bb{}\u00bb][et_pb_gallery gallery_ids=\u00bb50452,50450,50449,50448,50447,50446,50459,50460,50461,50462,50463,50465,50466&#8243; posts_number=\u00bb8&#8243; show_title_and_caption=\u00bboff\u00bb zoom_icon_color=\u00bb#E02B20&#8243; hover_overlay_color=\u00bb#FFFFFF\u00bb hover_icon=\u00bb&#x54;||divi||400&#8243; _builder_version=\u00bb4.27.5&#8243; _module_preset=\u00bbdefault\u00bb title_font_size=\u00bb0px\u00bb width=\u00bb100%\u00bb module_alignment=\u00bbcenter\u00bb hover_enabled=\u00bb0&#8243; global_colors_info=\u00bb{}\u00bb sticky_enabled=\u00bb0&#8243;][\/et_pb_gallery][\/et_pb_column][\/et_pb_row][\/et_pb_section]<\/p>\n<span class=\"et_bloom_bottom_trigger\"><\/span>","protected":false},"excerpt":{"rendered":"<p>CONTENIDO EN ESPA\u00d1OL<\/p>","protected":false},"author":4,"featured_media":50452,"comment_status":"open","ping_status":"open","sticky":false,"template":"","format":"standard","meta":{"_et_pb_use_builder":"on","_et_pb_old_content":"","_et_gb_content_width":"","_monsterinsights_skip_tracking":false,"_monsterinsights_sitenote_active":false,"_monsterinsights_sitenote_note":"","_monsterinsights_sitenote_category":0,"_vp_format_video_url":"","_vp_image_focal_point":[],"footnotes":""},"categories":[134,53,235,1],"tags":[],"class_list":["post-50443","post","type-post","status-publish","format-standard","has-post-thumbnail","hentry","category-america-del-sur","category-brasil","category-desarrollo-de-la-iglesia","category-noticia"],"yoast_head":"<!-- This site is optimized with the Yoast SEO Premium plugin v23.6 (Yoast SEO v27.4) - https:\/\/yoast.com\/product\/yoast-seo-premium-wordpress\/ -->\n<title>Camaragibe celebra la inauguraci\u00f3n de la Iglesia del Nazareno tras una semana de misi\u00f3n y servicio | Iglesia del Nazareno Am\u00e9rica del Sur<\/title>\n<meta name=\"description\" content=\"Noticia\" \/>\n<meta name=\"robots\" content=\"noindex, follow\" \/>\n<meta property=\"og:locale\" content=\"pt_BR\" \/>\n<meta property=\"og:type\" content=\"article\" \/>\n<meta property=\"og:title\" content=\"Camaragibe celebra la inauguraci\u00f3n de la Iglesia del Nazareno tras una semana de misi\u00f3n y servicio | Iglesia del Nazareno Am\u00e9rica del Sur\" \/>\n<meta property=\"og:description\" content=\"Noticia\" \/>\n<meta property=\"og:url\" content=\"https:\/\/www.samnaz.org\/pt\/camaragibe-celebra-la-inauguracion-de-la-iglesia-del-nazareno-tras-una-semana-de-mision-y-servicio\/\" \/>\n<meta property=\"og:site_name\" content=\"Iglesia del Nazareno Am\u00e9rica del Sur\" \/>\n<meta property=\"article:publisher\" content=\"https:\/\/www.facebook.com\/NazarenoEsp\" \/>\n<meta property=\"article:published_time\" content=\"2026-01-26T13:59:24+00:00\" \/>\n<meta property=\"article:modified_time\" content=\"2026-01-26T19:06:20+00:00\" \/>\n<meta property=\"og:image\" content=\"https:\/\/www.samnaz.org\/wp-content\/uploads\/2026\/01\/WhatsApp-Image-2026-01-23-at-08.33.25.jpeg\" \/>\n\t<meta property=\"og:image:width\" content=\"960\" \/>\n\t<meta property=\"og:image:height\" content=\"1280\" \/>\n\t<meta property=\"og:image:type\" content=\"image\/jpeg\" \/>\n<meta name=\"author\" content=\"Samnaz\" \/>\n<meta name=\"twitter:card\" content=\"summary_large_image\" \/>\n<meta name=\"twitter:label1\" content=\"Escrito por\" \/>\n\t<meta name=\"twitter:data1\" content=\"Samnaz\" \/>\n\t<meta name=\"twitter:label2\" content=\"Est. tempo de leitura\" \/>\n\t<meta name=\"twitter:data2\" content=\"6 minutos\" \/>\n<script type=\"application\/ld+json\" class=\"yoast-schema-graph\">{\"@context\":\"https:\\\/\\\/schema.org\",\"@graph\":[{\"@type\":\"Article\",\"@id\":\"https:\\\/\\\/www.samnaz.org\\\/camaragibe-celebra-la-inauguracion-de-la-iglesia-del-nazareno-tras-una-semana-de-mision-y-servicio\\\/#article\",\"isPartOf\":{\"@id\":\"https:\\\/\\\/www.samnaz.org\\\/camaragibe-celebra-la-inauguracion-de-la-iglesia-del-nazareno-tras-una-semana-de-mision-y-servicio\\\/\"},\"author\":{\"name\":\"Samnaz\",\"@id\":\"https:\\\/\\\/www.samnaz.org\\\/#\\\/schema\\\/person\\\/c09d1131c49ba510c7e1cbb677b39927\"},\"headline\":\"Camaragibe celebra la inauguraci\u00f3n de la Iglesia del Nazareno tras una semana de misi\u00f3n y servicio\",\"datePublished\":\"2026-01-26T13:59:24+00:00\",\"dateModified\":\"2026-01-26T19:06:20+00:00\",\"mainEntityOfPage\":{\"@id\":\"https:\\\/\\\/www.samnaz.org\\\/camaragibe-celebra-la-inauguracion-de-la-iglesia-del-nazareno-tras-una-semana-de-mision-y-servicio\\\/\"},\"wordCount\":302,\"commentCount\":0,\"publisher\":{\"@id\":\"https:\\\/\\\/www.samnaz.org\\\/#organization\"},\"image\":{\"@id\":\"https:\\\/\\\/www.samnaz.org\\\/camaragibe-celebra-la-inauguracion-de-la-iglesia-del-nazareno-tras-una-semana-de-mision-y-servicio\\\/#primaryimage\"},\"thumbnailUrl\":\"https:\\\/\\\/www.samnaz.org\\\/wp-content\\\/uploads\\\/2026\\\/01\\\/WhatsApp-Image-2026-01-23-at-08.33.25.jpeg\",\"articleSection\":[\"Am\u00e9rica del Sur\",\"Brasil\",\"Desarrollo de la Iglesia\",\"Noticia\"],\"inLanguage\":\"pt-BR\",\"potentialAction\":[{\"@type\":\"CommentAction\",\"name\":\"Comment\",\"target\":[\"https:\\\/\\\/www.samnaz.org\\\/camaragibe-celebra-la-inauguracion-de-la-iglesia-del-nazareno-tras-una-semana-de-mision-y-servicio\\\/#respond\"]}]},{\"@type\":\"WebPage\",\"@id\":\"https:\\\/\\\/www.samnaz.org\\\/camaragibe-celebra-la-inauguracion-de-la-iglesia-del-nazareno-tras-una-semana-de-mision-y-servicio\\\/\",\"url\":\"https:\\\/\\\/www.samnaz.org\\\/camaragibe-celebra-la-inauguracion-de-la-iglesia-del-nazareno-tras-una-semana-de-mision-y-servicio\\\/\",\"name\":\"Camaragibe celebra la inauguraci\u00f3n de la Iglesia del Nazareno tras una semana de misi\u00f3n y servicio | Iglesia del Nazareno Am\u00e9rica del Sur\",\"isPartOf\":{\"@id\":\"https:\\\/\\\/www.samnaz.org\\\/#website\"},\"primaryImageOfPage\":{\"@id\":\"https:\\\/\\\/www.samnaz.org\\\/camaragibe-celebra-la-inauguracion-de-la-iglesia-del-nazareno-tras-una-semana-de-mision-y-servicio\\\/#primaryimage\"},\"image\":{\"@id\":\"https:\\\/\\\/www.samnaz.org\\\/camaragibe-celebra-la-inauguracion-de-la-iglesia-del-nazareno-tras-una-semana-de-mision-y-servicio\\\/#primaryimage\"},\"thumbnailUrl\":\"https:\\\/\\\/www.samnaz.org\\\/wp-content\\\/uploads\\\/2026\\\/01\\\/WhatsApp-Image-2026-01-23-at-08.33.25.jpeg\",\"datePublished\":\"2026-01-26T13:59:24+00:00\",\"dateModified\":\"2026-01-26T19:06:20+00:00\",\"description\":\"Noticia\",\"inLanguage\":\"pt-BR\",\"potentialAction\":[{\"@type\":\"ReadAction\",\"target\":[\"https:\\\/\\\/www.samnaz.org\\\/camaragibe-celebra-la-inauguracion-de-la-iglesia-del-nazareno-tras-una-semana-de-mision-y-servicio\\\/\"]}]},{\"@type\":\"ImageObject\",\"inLanguage\":\"pt-BR\",\"@id\":\"https:\\\/\\\/www.samnaz.org\\\/camaragibe-celebra-la-inauguracion-de-la-iglesia-del-nazareno-tras-una-semana-de-mision-y-servicio\\\/#primaryimage\",\"url\":\"https:\\\/\\\/www.samnaz.org\\\/wp-content\\\/uploads\\\/2026\\\/01\\\/WhatsApp-Image-2026-01-23-at-08.33.25.jpeg\",\"contentUrl\":\"https:\\\/\\\/www.samnaz.org\\\/wp-content\\\/uploads\\\/2026\\\/01\\\/WhatsApp-Image-2026-01-23-at-08.33.25.jpeg\",\"width\":960,\"height\":1280},{\"@type\":\"WebSite\",\"@id\":\"https:\\\/\\\/www.samnaz.org\\\/#website\",\"url\":\"https:\\\/\\\/www.samnaz.org\\\/\",\"name\":\"Haciendo Disc\u00edpulos Semejantes a Cristo en las naciones\",\"description\":\"Haciendo disc\u00edpulos semejantes a Cristo en las Naciones\",\"publisher\":{\"@id\":\"https:\\\/\\\/www.samnaz.org\\\/#organization\"},\"alternateName\":\"Viviendo la Gran Comisi\u00f3n\",\"potentialAction\":[{\"@type\":\"SearchAction\",\"target\":{\"@type\":\"EntryPoint\",\"urlTemplate\":\"https:\\\/\\\/www.samnaz.org\\\/?s={search_term_string}\"},\"query-input\":{\"@type\":\"PropertyValueSpecification\",\"valueRequired\":true,\"valueName\":\"search_term_string\"}}],\"inLanguage\":\"pt-BR\"},{\"@type\":\"Organization\",\"@id\":\"https:\\\/\\\/www.samnaz.org\\\/#organization\",\"name\":\"Iglesia del Nazareno Am\u00e9rica del Sur\",\"url\":\"https:\\\/\\\/www.samnaz.org\\\/\",\"logo\":{\"@type\":\"ImageObject\",\"inLanguage\":\"pt-BR\",\"@id\":\"https:\\\/\\\/www.samnaz.org\\\/#\\\/schema\\\/logo\\\/image\\\/\",\"url\":\"https:\\\/\\\/www.samnaz.org\\\/wp-content\\\/uploads\\\/2021\\\/04\\\/Logo-3-ESP.png\",\"contentUrl\":\"https:\\\/\\\/www.samnaz.org\\\/wp-content\\\/uploads\\\/2021\\\/04\\\/Logo-3-ESP.png\",\"width\":1041,\"height\":780,\"caption\":\"Iglesia del Nazareno Am\u00e9rica del Sur\"},\"image\":{\"@id\":\"https:\\\/\\\/www.samnaz.org\\\/#\\\/schema\\\/logo\\\/image\\\/\"},\"sameAs\":[\"https:\\\/\\\/www.facebook.com\\\/NazarenoEsp\",\"https:\\\/\\\/www.instagram.com\\\/nazarenoesp\\\/\"],\"publishingPrinciples\":\"https:\\\/\\\/www.samnaz.org\\\/\"},{\"@type\":\"Person\",\"@id\":\"https:\\\/\\\/www.samnaz.org\\\/#\\\/schema\\\/person\\\/c09d1131c49ba510c7e1cbb677b39927\",\"name\":\"Samnaz\",\"image\":{\"@type\":\"ImageObject\",\"inLanguage\":\"pt-BR\",\"@id\":\"https:\\\/\\\/secure.gravatar.com\\\/avatar\\\/a5baaf0e270319d09c0efce6a9dd03ff93175913c70afe26595c0069c83fa6dc?s=96&d=mm&r=g\",\"url\":\"https:\\\/\\\/secure.gravatar.com\\\/avatar\\\/a5baaf0e270319d09c0efce6a9dd03ff93175913c70afe26595c0069c83fa6dc?s=96&d=mm&r=g\",\"contentUrl\":\"https:\\\/\\\/secure.gravatar.com\\\/avatar\\\/a5baaf0e270319d09c0efce6a9dd03ff93175913c70afe26595c0069c83fa6dc?s=96&d=mm&r=g\",\"caption\":\"Samnaz\"}}]}<\/script>\n<!-- \/ Yoast SEO Premium plugin. -->","yoast_head_json":{"title":"Camaragibe celebra la inauguraci\u00f3n de la Iglesia del Nazareno tras una semana de misi\u00f3n y servicio | Iglesia del Nazareno Am\u00e9rica del Sur","description":"Noticia","robots":{"index":"noindex","follow":"follow"},"og_locale":"pt_BR","og_type":"article","og_title":"Camaragibe celebra la inauguraci\u00f3n de la Iglesia del Nazareno tras una semana de misi\u00f3n y servicio | Iglesia del Nazareno Am\u00e9rica del Sur","og_description":"Noticia","og_url":"https:\/\/www.samnaz.org\/pt\/camaragibe-celebra-la-inauguracion-de-la-iglesia-del-nazareno-tras-una-semana-de-mision-y-servicio\/","og_site_name":"Iglesia del Nazareno Am\u00e9rica del Sur","article_publisher":"https:\/\/www.facebook.com\/NazarenoEsp","article_published_time":"2026-01-26T13:59:24+00:00","article_modified_time":"2026-01-26T19:06:20+00:00","og_image":[{"width":960,"height":1280,"url":"https:\/\/www.samnaz.org\/wp-content\/uploads\/2026\/01\/WhatsApp-Image-2026-01-23-at-08.33.25.jpeg","type":"image\/jpeg"}],"author":"Samnaz","twitter_card":"summary_large_image","twitter_misc":{"Escrito por":"Samnaz","Est. tempo de leitura":"6 minutos"},"schema":{"@context":"https:\/\/schema.org","@graph":[{"@type":"Article","@id":"https:\/\/www.samnaz.org\/camaragibe-celebra-la-inauguracion-de-la-iglesia-del-nazareno-tras-una-semana-de-mision-y-servicio\/#article","isPartOf":{"@id":"https:\/\/www.samnaz.org\/camaragibe-celebra-la-inauguracion-de-la-iglesia-del-nazareno-tras-una-semana-de-mision-y-servicio\/"},"author":{"name":"Samnaz","@id":"https:\/\/www.samnaz.org\/#\/schema\/person\/c09d1131c49ba510c7e1cbb677b39927"},"headline":"Camaragibe celebra la inauguraci\u00f3n de la Iglesia del Nazareno tras una semana de misi\u00f3n y servicio","datePublished":"2026-01-26T13:59:24+00:00","dateModified":"2026-01-26T19:06:20+00:00","mainEntityOfPage":{"@id":"https:\/\/www.samnaz.org\/camaragibe-celebra-la-inauguracion-de-la-iglesia-del-nazareno-tras-una-semana-de-mision-y-servicio\/"},"wordCount":302,"commentCount":0,"publisher":{"@id":"https:\/\/www.samnaz.org\/#organization"},"image":{"@id":"https:\/\/www.samnaz.org\/camaragibe-celebra-la-inauguracion-de-la-iglesia-del-nazareno-tras-una-semana-de-mision-y-servicio\/#primaryimage"},"thumbnailUrl":"https:\/\/www.samnaz.org\/wp-content\/uploads\/2026\/01\/WhatsApp-Image-2026-01-23-at-08.33.25.jpeg","articleSection":["Am\u00e9rica del Sur","Brasil","Desarrollo de la Iglesia","Noticia"],"inLanguage":"pt-BR","potentialAction":[{"@type":"CommentAction","name":"Comment","target":["https:\/\/www.samnaz.org\/camaragibe-celebra-la-inauguracion-de-la-iglesia-del-nazareno-tras-una-semana-de-mision-y-servicio\/#respond"]}]},{"@type":"WebPage","@id":"https:\/\/www.samnaz.org\/camaragibe-celebra-la-inauguracion-de-la-iglesia-del-nazareno-tras-una-semana-de-mision-y-servicio\/","url":"https:\/\/www.samnaz.org\/camaragibe-celebra-la-inauguracion-de-la-iglesia-del-nazareno-tras-una-semana-de-mision-y-servicio\/","name":"Camaragibe celebra la inauguraci\u00f3n de la Iglesia del Nazareno tras una semana de misi\u00f3n y servicio | Iglesia del Nazareno Am\u00e9rica del Sur","isPartOf":{"@id":"https:\/\/www.samnaz.org\/#website"},"primaryImageOfPage":{"@id":"https:\/\/www.samnaz.org\/camaragibe-celebra-la-inauguracion-de-la-iglesia-del-nazareno-tras-una-semana-de-mision-y-servicio\/#primaryimage"},"image":{"@id":"https:\/\/www.samnaz.org\/camaragibe-celebra-la-inauguracion-de-la-iglesia-del-nazareno-tras-una-semana-de-mision-y-servicio\/#primaryimage"},"thumbnailUrl":"https:\/\/www.samnaz.org\/wp-content\/uploads\/2026\/01\/WhatsApp-Image-2026-01-23-at-08.33.25.jpeg","datePublished":"2026-01-26T13:59:24+00:00","dateModified":"2026-01-26T19:06:20+00:00","description":"Noticia","inLanguage":"pt-BR","potentialAction":[{"@type":"ReadAction","target":["https:\/\/www.samnaz.org\/camaragibe-celebra-la-inauguracion-de-la-iglesia-del-nazareno-tras-una-semana-de-mision-y-servicio\/"]}]},{"@type":"ImageObject","inLanguage":"pt-BR","@id":"https:\/\/www.samnaz.org\/camaragibe-celebra-la-inauguracion-de-la-iglesia-del-nazareno-tras-una-semana-de-mision-y-servicio\/#primaryimage","url":"https:\/\/www.samnaz.org\/wp-content\/uploads\/2026\/01\/WhatsApp-Image-2026-01-23-at-08.33.25.jpeg","contentUrl":"https:\/\/www.samnaz.org\/wp-content\/uploads\/2026\/01\/WhatsApp-Image-2026-01-23-at-08.33.25.jpeg","width":960,"height":1280},{"@type":"WebSite","@id":"https:\/\/www.samnaz.org\/#website","url":"https:\/\/www.samnaz.org\/","name":"Haciendo Disc\u00edpulos Semejantes a Cristo en las naciones","description":"Haciendo disc\u00edpulos semejantes a Cristo en las Naciones","publisher":{"@id":"https:\/\/www.samnaz.org\/#organization"},"alternateName":"Viviendo la Gran Comisi\u00f3n","potentialAction":[{"@type":"SearchAction","target":{"@type":"EntryPoint","urlTemplate":"https:\/\/www.samnaz.org\/?s={search_term_string}"},"query-input":{"@type":"PropertyValueSpecification","valueRequired":true,"valueName":"search_term_string"}}],"inLanguage":"pt-BR"},{"@type":"Organization","@id":"https:\/\/www.samnaz.org\/#organization","name":"Iglesia del Nazareno Am\u00e9rica del Sur","url":"https:\/\/www.samnaz.org\/","logo":{"@type":"ImageObject","inLanguage":"pt-BR","@id":"https:\/\/www.samnaz.org\/#\/schema\/logo\/image\/","url":"https:\/\/www.samnaz.org\/wp-content\/uploads\/2021\/04\/Logo-3-ESP.png","contentUrl":"https:\/\/www.samnaz.org\/wp-content\/uploads\/2021\/04\/Logo-3-ESP.png","width":1041,"height":780,"caption":"Iglesia del Nazareno Am\u00e9rica del Sur"},"image":{"@id":"https:\/\/www.samnaz.org\/#\/schema\/logo\/image\/"},"sameAs":["https:\/\/www.facebook.com\/NazarenoEsp","https:\/\/www.instagram.com\/nazarenoesp\/"],"publishingPrinciples":"https:\/\/www.samnaz.org\/"},{"@type":"Person","@id":"https:\/\/www.samnaz.org\/#\/schema\/person\/c09d1131c49ba510c7e1cbb677b39927","name":"Samnaz","image":{"@type":"ImageObject","inLanguage":"pt-BR","@id":"https:\/\/secure.gravatar.com\/avatar\/a5baaf0e270319d09c0efce6a9dd03ff93175913c70afe26595c0069c83fa6dc?s=96&d=mm&r=g","url":"https:\/\/secure.gravatar.com\/avatar\/a5baaf0e270319d09c0efce6a9dd03ff93175913c70afe26595c0069c83fa6dc?s=96&d=mm&r=g","contentUrl":"https:\/\/secure.gravatar.com\/avatar\/a5baaf0e270319d09c0efce6a9dd03ff93175913c70afe26595c0069c83fa6dc?s=96&d=mm&r=g","caption":"Samnaz"}}]}},"_links":{"self":[{"href":"https:\/\/www.samnaz.org\/pt\/wp-json\/wp\/v2\/posts\/50443","targetHints":{"allow":["GET"]}}],"collection":[{"href":"https:\/\/www.samnaz.org\/pt\/wp-json\/wp\/v2\/posts"}],"about":[{"href":"https:\/\/www.samnaz.org\/pt\/wp-json\/wp\/v2\/types\/post"}],"author":[{"embeddable":true,"href":"https:\/\/www.samnaz.org\/pt\/wp-json\/wp\/v2\/users\/4"}],"replies":[{"embeddable":true,"href":"https:\/\/www.samnaz.org\/pt\/wp-json\/wp\/v2\/comments?post=50443"}],"version-history":[{"count":8,"href":"https:\/\/www.samnaz.org\/pt\/wp-json\/wp\/v2\/posts\/50443\/revisions"}],"predecessor-version":[{"id":50467,"href":"https:\/\/www.samnaz.org\/pt\/wp-json\/wp\/v2\/posts\/50443\/revisions\/50467"}],"wp:featuredmedia":[{"embeddable":true,"href":"https:\/\/www.samnaz.org\/pt\/wp-json\/wp\/v2\/media\/50452"}],"wp:attachment":[{"href":"https:\/\/www.samnaz.org\/pt\/wp-json\/wp\/v2\/media?parent=50443"}],"wp:term":[{"taxonomy":"category","embeddable":true,"href":"https:\/\/www.samnaz.org\/pt\/wp-json\/wp\/v2\/categories?post=50443"},{"taxonomy":"post_tag","embeddable":true,"href":"https:\/\/www.samnaz.org\/pt\/wp-json\/wp\/v2\/tags?post=50443"}],"curies":[{"name":"wp","href":"https:\/\/api.w.org\/{rel}","templated":true}]}}