{"id":50471,"date":"2026-01-28T12:21:23","date_gmt":"2026-01-28T15:21:23","guid":{"rendered":"https:\/\/www.samnaz.org\/?p=50471"},"modified":"2026-01-28T15:32:22","modified_gmt":"2026-01-28T18:32:22","slug":"distrito-peru-norte-celebra-su-asamblea-distrital-no-106-como-un-tiempo-de-unidad-vision-y-afirmacion-ministerial","status":"publish","type":"post","link":"https:\/\/www.samnaz.org\/pt\/distrito-peru-norte-celebra-su-asamblea-distrital-no-106-como-un-tiempo-de-unidad-vision-y-afirmacion-ministerial\/","title":{"rendered":"Distrito Per\u00fa Norte celebra su Asamblea Distrital N\u00ba 106 como un tiempo de unidad, visi\u00f3n y afirmaci\u00f3n ministerial"},"content":{"rendered":"<p>[et_pb_section fb_built=\u00bb1&#8243; _builder_version=\u00bb4.16&#8243; _module_preset=\u00bbdefault\u00bb custom_padding=\u00bb0px||||false|false\u00bb global_colors_info=\u00bb{}\u00bb][et_pb_row disabled_on=\u00bbon|on|on\u00bb _builder_version=\u00bb4.16&#8243; _module_preset=\u00bbdefault\u00bb disabled=\u00bbon\u00bb global_colors_info=\u00bb{}\u00bb][et_pb_column type=\u00bb4_4&#8243; _builder_version=\u00bb4.16&#8243; _module_preset=\u00bbdefault\u00bb global_colors_info=\u00bb{}\u00bb][et_pb_text disabled_on=\u00bboff|off|off\u00bb _builder_version=\u00bb4.16&#8243; _module_preset=\u00bbdefault\u00bb text_text_color=\u00bb#0C71C3&#8243; text_font_size=\u00bb23px\u00bb text_orientation=\u00bbcenter\u00bb global_colors_info=\u00bb{}\u00bb]<\/p>\n<p>CONTENIDO EN ESPA\u00d1OL<\/p>\n<p>[\/et_pb_text][\/et_pb_column][\/et_pb_row][et_pb_row module_class=\u00bbespanol\u00bb _builder_version=\u00bb4.16&#8243; _module_preset=\u00bbdefault\u00bb width=\u00bb100%\u00bb global_colors_info=\u00bb{}\u00bb][et_pb_column type=\u00bb4_4&#8243; module_class=\u00bbcolLeft\u00bb _builder_version=\u00bb4.16&#8243; _module_preset=\u00bbdefault\u00bb custom_padding=\u00bb|50px|||false|false\u00bb custom_padding_tablet=\u00bb|20px||20px|false|true\u00bb custom_padding_phone=\u00bb\u00bb custom_padding_last_edited=\u00bbon|phone\u00bb border_color_all=\u00bb#e0e0e0&#8243; border_width_right_tablet=\u00bb0px\u00bb border_width_right_phone=\u00bb0px\u00bb border_width_right_last_edited=\u00bbon|desktop\u00bb global_colors_info=\u00bb{}\u00bb][et_pb_code admin_label=\u00bbCode\u00bb _builder_version=\u00bb4.16&#8243; _module_preset=\u00bbdefault\u00bb background_enable_color=\u00bboff\u00bb positioning=\u00bbabsolute\u00bb position_origin_a=\u00bbtop_right\u00bb vertical_offset=\u00bb10px\u00bb horizontal_offset=\u00bb50px\u00bb z_index=\u00bb137&#8243; vertical_offset_tablet=\u00bb\u00bb vertical_offset_phone=\u00bb-45px\u00bb vertical_offset_last_edited=\u00bbon|phone\u00bb horizontal_offset_tablet=\u00bb20px\u00bb horizontal_offset_phone=\u00bb\u00bb horizontal_offset_last_edited=\u00bbon|phone\u00bb position_origin_a_tablet=\u00bb\u00bb position_origin_a_phone=\u00bb\u00bb position_origin_a_last_edited=\u00bbon|desktop\u00bb position_origin_f_tablet=\u00bb\u00bb position_origin_f_phone=\u00bb\u00bb position_origin_f_last_edited=\u00bbon|desktop\u00bb position_origin_r_tablet=\u00bb\u00bb position_origin_r_phone=\u00bb\u00bb position_origin_r_last_edited=\u00bbon|desktop\u00bb text_orientation=\u00bbright\u00bb width=\u00bb160px\u00bb height=\u00bb30px\u00bb positioning_tablet=\u00bb\u00bb positioning_phone=\u00bb\u00bb positioning_last_edited=\u00bbon|desktop\u00bb global_colors_info=\u00bb{}\u00bb]<!-- AddToAny BEGIN --><!-- [et_pb_line_break_holder] --><a class=\"a2a_dd\" href=\"https:\/\/www.addtoany.com\/share\" style=\"background: black;<!-- [et_pb_line_break_holder] -->    font-size: 18px;<!-- [et_pb_line_break_holder] -->    color: white;<!-- [et_pb_line_break_holder] -->    padding: 10px;text-transform: uppercase;\u00bb><!-- [et_pb_line_break_holder] -->  <svg style=\"width: 20px;\" aria-hidden=\"true\" focusable=\"false\" data-prefix=\"fas\" data-icon=\"share-square\" role=\"img\" xmlns=\"http:\/\/www.w3.org\/2000\/svg\" viewbox=\"0 0 576 512\" data-fa-i2svg=\"\"><path fill=\"currentColor\" d=\"M568.482 177.448L424.479 313.433C409.3 327.768 384 317.14 384 295.985v-71.963c-144.575.97-205.566 35.113-164.775 171.353 4.483 14.973-12.846 26.567-25.006 17.33C155.252 383.105 120 326.488 120 269.339c0-143.937 117.599-172.5 264-173.312V24.012c0-21.174 25.317-31.768 40.479-17.448l144.003 135.988c10.02 9.463 10.028 25.425 0 34.896zM384 379.128V448H64V128h50.916a11.99 11.99 0 0 0 8.648-3.693c14.953-15.568 32.237-27.89 51.014-37.676C185.708 80.83 181.584 64 169.033 64H48C21.49 64 0 85.49 0 112v352c0 26.51 21.49 48 48 48h352c26.51 0 48-21.49 48-48v-88.806c0-8.288-8.197-14.066-16.011-11.302a71.83 71.83 0 0 1-34.189 3.377c-7.27-1.046-13.8 4.514-13.8 11.859z\"><\/path><\/svg><!-- [et_pb_line_break_holder] -->  COMPARTILHAR<!-- [et_pb_line_break_holder] --><\/a><!-- [et_pb_line_break_holder] --><script async src=\"https:\/\/static.addtoany.com\/menu\/page.js\"><\/script><!-- [et_pb_line_break_holder] --><!-- AddToAny END -->[\/et_pb_code][et_pb_text _builder_version=\u00bb4.27.5&#8243; _module_preset=\u00bbdefault\u00bb text_font=\u00bb|700|||||||\u00bb text_font_size=\u00bb25px\u00bb width=\u00bb78%\u00bb width_tablet=\u00bb\u00bb width_phone=\u00bb100%\u00bb width_last_edited=\u00bbon|phone\u00bb custom_margin=\u00bb||5px|||\u00bb global_colors_info=\u00bb{}\u00bb]<\/p>\n<p class=\"p1\">Distrito Per\u00fa Norte celebra su Asamblea Distrital N\u00ba 106 como un tiempo de unidad, visi\u00f3n y afirmaci\u00f3n ministerial<\/p>\n<p>[\/et_pb_text][et_pb_post_title title=\u00bboff\u00bb comments=\u00bboff\u00bb module_class=\u00bbtituloNoti\u00bb _builder_version=\u00bb4.16&#8243; _module_preset=\u00bbdefault\u00bb width_tablet=\u00bb\u00bb width_phone=\u00bb\u00bb width_last_edited=\u00bbon|phone\u00bb custom_padding=\u00bb|0px|||false|false\u00bb custom_padding_tablet=\u00bb|0px|||false|false\u00bb custom_padding_phone=\u00bb|0px|||false|false\u00bb custom_padding_last_edited=\u00bbon|phone\u00bb border_color_right=\u00bb#e8e8e8&#8243; border_width_right_tablet=\u00bb0px\u00bb border_width_right_phone=\u00bb\u00bb border_width_right_last_edited=\u00bbon|desktop\u00bb global_colors_info=\u00bb{}\u00bb][\/et_pb_post_title][et_pb_text _builder_version=\u00bb4.27.5&#8243; _module_preset=\u00bbdefault\u00bb text_font_size=\u00bb17px\u00bb global_colors_info=\u00bb{}\u00bb]<\/p>\n<p style=\"margin: 0cm 0cm 15pt; text-align: justify;\"><b><span style=\"font-family: 'Arial',sans-serif; color: black;\">(CNAS Per\u00fa) <\/span><\/b>El lunes 19 de enero, se llev\u00f3 a cabo la Asamblea Distrital N\u00ba 106 del Distrito Per\u00fa Norte, un encuentro significativo que reuni\u00f3 aproximadamente a 420 personas, entre pastores, delegados distritales y presidentes locales de los distintos ministerios, quienes se congregaron con el prop\u00f3sito de evaluar el avance de la obra, proyectar el nuevo a\u00f1o ministerial y afirmar el liderazgo distrital.<\/p>\n<p class=\"p1\">La jornada dio inicio con un tiempo devocional a cargo de la Dra. Carla Sunberg, Superintendente General de la Iglesia del Nazareno, quien exhort\u00f3 a los participantes a buscar la llenura del Esp\u00edritu Santo como fundamento indispensable para el cumplimiento de la misi\u00f3n. En su mensaje, anim\u00f3 a la iglesia a levantar verdaderos \u201ccentros de fuego santo\u201d y a permitir que Dios obre con poder a trav\u00e9s de su pueblo, recordando que la tarea encomendada solo puede llevarse a cabo bajo la direcci\u00f3n y la unci\u00f3n divina.<\/p>\n<p class=\"p1\">La Asamblea tambi\u00e9n cont\u00f3 con la valiosa presencia del Rev. Alessandro Polonio, Director Regional para Sudam\u00e9rica.<\/p>\n<p class=\"p1\">Durante el desarrollo de la asamblea, se presentaron los informes de los ministerios distritales, los cuales fueron aprobados mayoritariamente, celebrando el avance de la obra y la fidelidad de Dios en el trabajo que se realiza a lo largo del Distrito Per\u00fa Norte.<\/p>\n<p class=\"p1\">Uno de los momentos m\u00e1s emotivos de la jornada fue la reelecci\u00f3n del Rvdo. Marcial Banda Rafael como Superintendente Distrital, para un nuevo per\u00edodo de cuatro a\u00f1os. Este tiempo estuvo marcado por la oraci\u00f3n, la gratitud y la afirmaci\u00f3n del liderazgo, donde pastores y delegados encomendaron su vida y ministerio al Se\u00f1or para los a\u00f1os venideros.<\/p>\n<p class=\"p1\">En el marco de la asamblea, tambi\u00e9n se presentaron los objetivos generales que guiar\u00e1n el trabajo ministerial del Distrito Per\u00fa Norte durante el a\u00f1o 2026, los cuales incluyen: fortalecer la integraci\u00f3n del cuerpo pastoral con la visi\u00f3n y misi\u00f3n de la Iglesia; instituir una estrategia institucional de evangelismo con enfoque urbano en la Regi\u00f3n Lambayeque; elaborar e implementar un plan de discipulado con un enfoque sist\u00e9mico y adecuado a las distintas edades; y desarrollar ministerios especializados de manera profesional y contextualizada, respondiendo a las necesidades actuales del distrito.<\/p>\n<p class=\"p1\">La asamblea concluy\u00f3 con un tiempo solemne de entrega de licencias ministeriales y ordenaciones, evidenciando el crecimiento, la madurez y el fortalecimiento del liderazgo pastoral en el distrito.<\/p>\n<p class=\"p1\">La Asamblea Distrital N\u00ba 106 del Distrito Per\u00fa Norte se consolid\u00f3 as\u00ed como un espacio de comuni\u00f3n, visi\u00f3n renovada y compromiso con la misi\u00f3n que Dios ha confiado a su Iglesia, reafirmando el llamado a servir con fidelidad, unidad y dependencia del Esp\u00edritu Santo.<\/p>\n<p style=\"margin: 0cm 0cm 15pt; text-align: justify;\"><span style=\"font-family: 'Arial',sans-serif; color: black;\"><\/span><i><span style=\"font-family: 'Arial',sans-serif; color: black;\">Fonte <\/span><\/i><i><span style=\"font-family: 'Arial',sans-serif; color: black;\">Iglesia del Nazareno \u2013 Per\u00fa.<\/span><\/i><\/p>\n<p>[\/et_pb_text][\/et_pb_column][\/et_pb_row][et_pb_row disabled_on=\u00bbon|on|on\u00bb _builder_version=\u00bb4.16&#8243; _module_preset=\u00bbdefault\u00bb disabled=\u00bbon\u00bb global_colors_info=\u00bb{}\u00bb][et_pb_column type=\u00bb4_4&#8243; _builder_version=\u00bb4.16&#8243; _module_preset=\u00bbdefault\u00bb global_colors_info=\u00bb{}\u00bb][et_pb_text disabled_on=\u00bboff|off|off\u00bb _builder_version=\u00bb4.16&#8243; _module_preset=\u00bbdefault\u00bb text_text_color=\u00bb#0C71C3&#8243; text_font_size=\u00bb23px\u00bb text_orientation=\u00bbcenter\u00bb global_colors_info=\u00bb{}\u00bb]<\/p>\n<p>CONTENIDO EN PORTUGUES<\/p>\n<p>[\/et_pb_text][\/et_pb_column][\/et_pb_row][et_pb_row module_class=\u00bbportugues\u00bb _builder_version=\u00bb4.16&#8243; _module_preset=\u00bbdefault\u00bb width=\u00bb100%\u00bb global_colors_info=\u00bb{}\u00bb][et_pb_column type=\u00bb4_4&#8243; module_class=\u00bbcolLeft\u00bb _builder_version=\u00bb4.16&#8243; _module_preset=\u00bbdefault\u00bb custom_padding=\u00bb|50px|||false|false\u00bb custom_padding_tablet=\u00bb|20px||20px|false|true\u00bb custom_padding_phone=\u00bb\u00bb custom_padding_last_edited=\u00bbon|phone\u00bb border_color_all=\u00bb#e0e0e0&#8243; border_width_right_tablet=\u00bb0px\u00bb border_width_right_phone=\u00bb0px\u00bb border_width_right_last_edited=\u00bbon|desktop\u00bb global_colors_info=\u00bb{}\u00bb][et_pb_code admin_label=\u00bbCode\u00bb _builder_version=\u00bb4.16&#8243; _module_preset=\u00bbdefault\u00bb background_enable_color=\u00bboff\u00bb positioning=\u00bbabsolute\u00bb position_origin_a=\u00bbtop_right\u00bb vertical_offset=\u00bb10px\u00bb horizontal_offset=\u00bb50px\u00bb z_index=\u00bb137&#8243; vertical_offset_tablet=\u00bb\u00bb vertical_offset_phone=\u00bb-45px\u00bb vertical_offset_last_edited=\u00bbon|phone\u00bb horizontal_offset_tablet=\u00bb20px\u00bb horizontal_offset_phone=\u00bb\u00bb horizontal_offset_last_edited=\u00bbon|phone\u00bb position_origin_a_tablet=\u00bb\u00bb position_origin_a_phone=\u00bb\u00bb position_origin_a_last_edited=\u00bbon|desktop\u00bb position_origin_f_tablet=\u00bb\u00bb position_origin_f_phone=\u00bb\u00bb position_origin_f_last_edited=\u00bbon|desktop\u00bb position_origin_r_tablet=\u00bb\u00bb position_origin_r_phone=\u00bb\u00bb position_origin_r_last_edited=\u00bbon|desktop\u00bb text_orientation=\u00bbright\u00bb width=\u00bb190px\u00bb height=\u00bb30px\u00bb positioning_tablet=\u00bb\u00bb positioning_phone=\u00bb\u00bb positioning_last_edited=\u00bbon|desktop\u00bb global_colors_info=\u00bb{}\u00bb]<!-- AddToAny BEGIN --><!-- [et_pb_line_break_holder] --><a class=\"a2a_dd\" href=\"https:\/\/www.addtoany.com\/share\" style=\"background: black;<!-- [et_pb_line_break_holder] -->    font-size: 18px;<!-- [et_pb_line_break_holder] -->    color: white;<!-- [et_pb_line_break_holder] -->    padding: 10px;text-transform: uppercase;\u00bb><!-- [et_pb_line_break_holder] -->  <svg style=\"width: 20px;\" aria-hidden=\"true\" focusable=\"false\" data-prefix=\"fas\" data-icon=\"share-square\" role=\"img\" xmlns=\"http:\/\/www.w3.org\/2000\/svg\" viewbox=\"0 0 576 512\" data-fa-i2svg=\"\"><path fill=\"currentColor\" d=\"M568.482 177.448L424.479 313.433C409.3 327.768 384 317.14 384 295.985v-71.963c-144.575.97-205.566 35.113-164.775 171.353 4.483 14.973-12.846 26.567-25.006 17.33C155.252 383.105 120 326.488 120 269.339c0-143.937 117.599-172.5 264-173.312V24.012c0-21.174 25.317-31.768 40.479-17.448l144.003 135.988c10.02 9.463 10.028 25.425 0 34.896zM384 379.128V448H64V128h50.916a11.99 11.99 0 0 0 8.648-3.693c14.953-15.568 32.237-27.89 51.014-37.676C185.708 80.83 181.584 64 169.033 64H48C21.49 64 0 85.49 0 112v352c0 26.51 21.49 48 48 48h352c26.51 0 48-21.49 48-48v-88.806c0-8.288-8.197-14.066-16.011-11.302a71.83 71.83 0 0 1-34.189 3.377c-7.27-1.046-13.8 4.514-13.8 11.859z\"><\/path><\/svg><!-- [et_pb_line_break_holder] -->  Compartilhar<!-- [et_pb_line_break_holder] --><\/a><!-- [et_pb_line_break_holder] --><script async src=\"https:\/\/static.addtoany.com\/menu\/page.js\"><\/script><!-- [et_pb_line_break_holder] --><!-- AddToAny END -->[\/et_pb_code][et_pb_text _builder_version=\u00bb4.27.5&#8243; _module_preset=\u00bbdefault\u00bb text_font=\u00bb|700|||||||\u00bb text_font_size=\u00bb25px\u00bb width=\u00bb78%\u00bb width_tablet=\u00bb\u00bb width_phone=\u00bb100%\u00bb width_last_edited=\u00bbon|phone\u00bb custom_margin=\u00bb||5px|||\u00bb global_colors_info=\u00bb{}\u00bb]<\/p>\n<p class=\"p1\">Distrito Peru Norte celebra sua Assembleia Distrital N\u00ba 106 como um tempo de unidade, vis\u00e3o e afirma\u00e7\u00e3o ministerial<\/p>\n<p>[\/et_pb_text][et_pb_post_title title=\u00bboff\u00bb comments=\u00bboff\u00bb module_class=\u00bbtituloNoti\u00bb _builder_version=\u00bb4.16&#8243; _module_preset=\u00bbdefault\u00bb width_tablet=\u00bb\u00bb width_phone=\u00bb\u00bb width_last_edited=\u00bbon|phone\u00bb custom_padding=\u00bb|0px|||false|false\u00bb custom_padding_tablet=\u00bb|0px|||false|false\u00bb custom_padding_phone=\u00bb|0px|||false|false\u00bb custom_padding_last_edited=\u00bbon|phone\u00bb border_color_right=\u00bb#e8e8e8&#8243; border_width_right_tablet=\u00bb0px\u00bb border_width_right_phone=\u00bb\u00bb border_width_right_last_edited=\u00bbon|desktop\u00bb global_colors_info=\u00bb{}\u00bb][\/et_pb_post_title][et_pb_text _builder_version=\u00bb4.27.5&#8243; _module_preset=\u00bbdefault\u00bb text_font_size=\u00bb17px\u00bb global_colors_info=\u00bb{}\u00bb]<\/p>\n<p style=\"text-align: justify;\"><strong>(CNAS Peru) <\/strong>Na segunda-feira, 19 de janeiro, foi realizada a Assembleia Distrital N\u00ba 106 do Distrito Peru Norte, um encontro significativo que reuniu aproximadamente 420 pessoas, entre pastores, delegados distritais e presidentes locais dos diversos minist\u00e9rios. Todos se congregaram com o prop\u00f3sito de avaliar o avan\u00e7o da obra, projetar o novo ano ministerial e afirmar a lideran\u00e7a distrital.<\/p>\n<p class=\"p1\">A jornada teve in\u00edcio com um tempo devocional conduzido pela Dra. Carla Sunberg, Superintendente Geral da Igreja do Nazareno, que exortou os participantes a buscarem a plenitude do Esp\u00edrito Santo como fundamento indispens\u00e1vel para o cumprimento da miss\u00e3o. Em sua mensagem, incentivou a igreja a levantar verdadeiros \u201ccentros de fogo santo\u201d e a permitir que Deus opere com poder por meio do seu povo, lembrando que a tarefa confiada s\u00f3 pode ser realizada sob a dire\u00e7\u00e3o e a un\u00e7\u00e3o divina.<\/p>\n<p class=\"p1\">A Assembleia tamb\u00e9m contou com a valiosa presen\u00e7a do Rev. Alessandro Polonio, Diretor Regional para a Am\u00e9rica do Sul.<\/p>\n<p class=\"p1\">Durante o desenvolvimento da assembleia, foram apresentados os relat\u00f3rios dos minist\u00e9rios distritais, os quais foram aprovados pela maioria, celebrando o avan\u00e7o da obra e a fidelidade de Deus no trabalho realizado em todo o Distrito Peru Norte.<\/p>\n<p class=\"p1\">Um dos momentos mais emocionantes da jornada foi a reelei\u00e7\u00e3o do Rev. Marcial Banda Rafael como Superintendente Distrital, para um novo per\u00edodo de quatro anos. Esse tempo foi marcado por ora\u00e7\u00e3o, gratid\u00e3o e afirma\u00e7\u00e3o da lideran\u00e7a, quando pastores e delegados consagraram sua vida e minist\u00e9rio ao Senhor para os anos vindouros.<\/p>\n<p class=\"p1\">No contexto da assembleia, tamb\u00e9m foram apresentados os objetivos gerais que nortear\u00e3o o trabalho ministerial do Distrito Peru Norte durante o ano de 2026, os quais incluem: fortalecer a integra\u00e7\u00e3o do corpo pastoral com a vis\u00e3o e a miss\u00e3o da Igreja; instituir uma estrat\u00e9gia institucional de evangelismo com enfoque urbano na Regi\u00e3o de Lambayeque; elaborar e implementar um plano de discipulado com abordagem sist\u00eamica e adequada \u00e0s diferentes faixas et\u00e1rias; e desenvolver minist\u00e9rios especializados de maneira profissional e contextualizada, respondendo \u00e0s necessidades atuais do distrito.<\/p>\n<p class=\"p1\">A assembleia foi conclu\u00edda com um momento solene de concess\u00e3o de licen\u00e7as ministeriais e ordena\u00e7\u00f5es, evidenciando o crescimento, a maturidade e o fortalecimento da lideran\u00e7a pastoral no distrito.<\/p>\n<p class=\"p1\">Assim, a Assembleia Distrital N\u00ba 106 do Distrito Peru Norte consolidou-se como um espa\u00e7o de comunh\u00e3o, vis\u00e3o renovada e compromisso com a miss\u00e3o que Deus confiou \u00e0 sua Igreja, reafirmando o chamado para servir com fidelidade, unidade e depend\u00eancia do Esp\u00edrito Santo.<\/p>\n<p style=\"text-align: justify;\"><strong><em>Fonte: <\/em><\/strong><em>Igreja do Nazareno \u2013 Peru.<\/em><\/p>\n<p>[\/et_pb_text][\/et_pb_column][\/et_pb_row][et_pb_row _builder_version=\u00bb4.16&#8243; _module_preset=\u00bbdefault\u00bb width=\u00bb100%\u00bb global_colors_info=\u00bb{}\u00bb][et_pb_column type=\u00bb4_4&#8243; module_class=\u00bbcolLeft\u00bb _builder_version=\u00bb4.16&#8243; _module_preset=\u00bbdefault\u00bb custom_padding=\u00bb|50px|||false|false\u00bb custom_padding_tablet=\u00bb|20px||20px|false|true\u00bb custom_padding_phone=\u00bb\u00bb custom_padding_last_edited=\u00bbon|phone\u00bb border_color_all=\u00bb#e0e0e0&#8243; border_width_right_tablet=\u00bb0px\u00bb border_width_right_phone=\u00bb0px\u00bb border_width_right_last_edited=\u00bbon|desktop\u00bb global_colors_info=\u00bb{}\u00bb][et_pb_gallery gallery_ids=\u00bb50478,50479,50480,50481,50482,50483,50484,50485,50486,50487,50488,50489,50491,50492&#8243; posts_number=\u00bb8&#8243; show_title_and_caption=\u00bboff\u00bb zoom_icon_color=\u00bb#E02B20&#8243; hover_overlay_color=\u00bb#FFFFFF\u00bb hover_icon=\u00bb&#x54;||divi||400&#8243; _builder_version=\u00bb4.27.5&#8243; _module_preset=\u00bbdefault\u00bb title_font_size=\u00bb0px\u00bb width=\u00bb100%\u00bb module_alignment=\u00bbcenter\u00bb global_colors_info=\u00bb{}\u00bb][\/et_pb_gallery][\/et_pb_column][\/et_pb_row][\/et_pb_section]<\/p>\n<span class=\"et_bloom_bottom_trigger\"><\/span>","protected":false},"excerpt":{"rendered":"<p>CONTENIDO EN ESPA\u00d1OL<\/p>","protected":false},"author":4,"featured_media":50488,"comment_status":"open","ping_status":"open","sticky":false,"template":"","format":"standard","meta":{"_et_pb_use_builder":"on","_et_pb_old_content":"","_et_gb_content_width":"","_monsterinsights_skip_tracking":false,"_monsterinsights_sitenote_active":false,"_monsterinsights_sitenote_note":"","_monsterinsights_sitenote_category":0,"_vp_format_video_url":"","_vp_image_focal_point":[],"footnotes":""},"categories":[134,235,62,1,56],"tags":[],"class_list":["post-50471","post","type-post","status-publish","format-standard","has-post-thumbnail","hentry","category-america-del-sur","category-desarrollo-de-la-iglesia","category-liderazgo","category-noticia","category-peru"],"yoast_head":"<!-- This site is optimized with the Yoast SEO Premium plugin v23.6 (Yoast SEO v27.5) - https:\/\/yoast.com\/product\/yoast-seo-premium-wordpress\/ -->\n<title>Distrito Per\u00fa Norte celebra su Asamblea Distrital N\u00ba 106 como un tiempo de unidad, visi\u00f3n y afirmaci\u00f3n ministerial | Iglesia del Nazareno Am\u00e9rica del Sur<\/title>\n<meta name=\"description\" content=\"Noticia\" \/>\n<meta name=\"robots\" content=\"noindex, follow\" \/>\n<meta property=\"og:locale\" content=\"pt_BR\" \/>\n<meta property=\"og:type\" content=\"article\" \/>\n<meta property=\"og:title\" content=\"Distrito Per\u00fa Norte celebra su Asamblea Distrital N\u00ba 106 como un tiempo de unidad, visi\u00f3n y afirmaci\u00f3n ministerial | Iglesia del Nazareno Am\u00e9rica del Sur\" \/>\n<meta property=\"og:description\" content=\"Noticia\" \/>\n<meta property=\"og:url\" content=\"https:\/\/www.samnaz.org\/pt\/distrito-peru-norte-celebra-su-asamblea-distrital-no-106-como-un-tiempo-de-unidad-vision-y-afirmacion-ministerial\/\" \/>\n<meta property=\"og:site_name\" content=\"Iglesia del Nazareno Am\u00e9rica del Sur\" \/>\n<meta property=\"article:publisher\" content=\"https:\/\/www.facebook.com\/NazarenoEsp\" \/>\n<meta property=\"article:published_time\" content=\"2026-01-28T15:21:23+00:00\" \/>\n<meta property=\"article:modified_time\" content=\"2026-01-28T18:32:22+00:00\" \/>\n<meta property=\"og:image\" content=\"https:\/\/www.samnaz.org\/wp-content\/uploads\/2026\/01\/701A2380.jpg\" \/>\n\t<meta property=\"og:image:width\" content=\"1920\" \/>\n\t<meta property=\"og:image:height\" content=\"1280\" \/>\n\t<meta property=\"og:image:type\" content=\"image\/jpeg\" \/>\n<meta name=\"author\" content=\"Samnaz\" \/>\n<meta name=\"twitter:card\" content=\"summary_large_image\" \/>\n<meta name=\"twitter:label1\" content=\"Escrito por\" \/>\n\t<meta name=\"twitter:data1\" content=\"Samnaz\" \/>\n\t<meta name=\"twitter:label2\" content=\"Est. tempo de leitura\" \/>\n\t<meta name=\"twitter:data2\" content=\"8 minutos\" \/>\n<script type=\"application\/ld+json\" class=\"yoast-schema-graph\">{\"@context\":\"https:\\\/\\\/schema.org\",\"@graph\":[{\"@type\":\"Article\",\"@id\":\"https:\\\/\\\/www.samnaz.org\\\/distrito-peru-norte-celebra-su-asamblea-distrital-no-106-como-un-tiempo-de-unidad-vision-y-afirmacion-ministerial\\\/#article\",\"isPartOf\":{\"@id\":\"https:\\\/\\\/www.samnaz.org\\\/distrito-peru-norte-celebra-su-asamblea-distrital-no-106-como-un-tiempo-de-unidad-vision-y-afirmacion-ministerial\\\/\"},\"author\":{\"name\":\"Samnaz\",\"@id\":\"https:\\\/\\\/www.samnaz.org\\\/#\\\/schema\\\/person\\\/c09d1131c49ba510c7e1cbb677b39927\"},\"headline\":\"Distrito Per\u00fa Norte celebra su Asamblea Distrital N\u00ba 106 como un tiempo de unidad, visi\u00f3n y afirmaci\u00f3n ministerial\",\"datePublished\":\"2026-01-28T15:21:23+00:00\",\"dateModified\":\"2026-01-28T18:32:22+00:00\",\"mainEntityOfPage\":{\"@id\":\"https:\\\/\\\/www.samnaz.org\\\/distrito-peru-norte-celebra-su-asamblea-distrital-no-106-como-un-tiempo-de-unidad-vision-y-afirmacion-ministerial\\\/\"},\"wordCount\":303,\"commentCount\":0,\"publisher\":{\"@id\":\"https:\\\/\\\/www.samnaz.org\\\/#organization\"},\"image\":{\"@id\":\"https:\\\/\\\/www.samnaz.org\\\/distrito-peru-norte-celebra-su-asamblea-distrital-no-106-como-un-tiempo-de-unidad-vision-y-afirmacion-ministerial\\\/#primaryimage\"},\"thumbnailUrl\":\"https:\\\/\\\/www.samnaz.org\\\/wp-content\\\/uploads\\\/2026\\\/01\\\/701A2380.jpg\",\"articleSection\":[\"Am\u00e9rica del Sur\",\"Desarrollo de la Iglesia\",\"Liderazgo\",\"Noticia\",\"Per\u00fa\"],\"inLanguage\":\"pt-BR\",\"potentialAction\":[{\"@type\":\"CommentAction\",\"name\":\"Comment\",\"target\":[\"https:\\\/\\\/www.samnaz.org\\\/distrito-peru-norte-celebra-su-asamblea-distrital-no-106-como-un-tiempo-de-unidad-vision-y-afirmacion-ministerial\\\/#respond\"]}]},{\"@type\":\"WebPage\",\"@id\":\"https:\\\/\\\/www.samnaz.org\\\/distrito-peru-norte-celebra-su-asamblea-distrital-no-106-como-un-tiempo-de-unidad-vision-y-afirmacion-ministerial\\\/\",\"url\":\"https:\\\/\\\/www.samnaz.org\\\/distrito-peru-norte-celebra-su-asamblea-distrital-no-106-como-un-tiempo-de-unidad-vision-y-afirmacion-ministerial\\\/\",\"name\":\"Distrito Per\u00fa Norte celebra su Asamblea Distrital N\u00ba 106 como un tiempo de unidad, visi\u00f3n y afirmaci\u00f3n ministerial | Iglesia del Nazareno Am\u00e9rica del Sur\",\"isPartOf\":{\"@id\":\"https:\\\/\\\/www.samnaz.org\\\/#website\"},\"primaryImageOfPage\":{\"@id\":\"https:\\\/\\\/www.samnaz.org\\\/distrito-peru-norte-celebra-su-asamblea-distrital-no-106-como-un-tiempo-de-unidad-vision-y-afirmacion-ministerial\\\/#primaryimage\"},\"image\":{\"@id\":\"https:\\\/\\\/www.samnaz.org\\\/distrito-peru-norte-celebra-su-asamblea-distrital-no-106-como-un-tiempo-de-unidad-vision-y-afirmacion-ministerial\\\/#primaryimage\"},\"thumbnailUrl\":\"https:\\\/\\\/www.samnaz.org\\\/wp-content\\\/uploads\\\/2026\\\/01\\\/701A2380.jpg\",\"datePublished\":\"2026-01-28T15:21:23+00:00\",\"dateModified\":\"2026-01-28T18:32:22+00:00\",\"description\":\"Noticia\",\"inLanguage\":\"pt-BR\",\"potentialAction\":[{\"@type\":\"ReadAction\",\"target\":[\"https:\\\/\\\/www.samnaz.org\\\/distrito-peru-norte-celebra-su-asamblea-distrital-no-106-como-un-tiempo-de-unidad-vision-y-afirmacion-ministerial\\\/\"]}]},{\"@type\":\"ImageObject\",\"inLanguage\":\"pt-BR\",\"@id\":\"https:\\\/\\\/www.samnaz.org\\\/distrito-peru-norte-celebra-su-asamblea-distrital-no-106-como-un-tiempo-de-unidad-vision-y-afirmacion-ministerial\\\/#primaryimage\",\"url\":\"https:\\\/\\\/www.samnaz.org\\\/wp-content\\\/uploads\\\/2026\\\/01\\\/701A2380.jpg\",\"contentUrl\":\"https:\\\/\\\/www.samnaz.org\\\/wp-content\\\/uploads\\\/2026\\\/01\\\/701A2380.jpg\",\"width\":1920,\"height\":1280},{\"@type\":\"WebSite\",\"@id\":\"https:\\\/\\\/www.samnaz.org\\\/#website\",\"url\":\"https:\\\/\\\/www.samnaz.org\\\/\",\"name\":\"Haciendo Disc\u00edpulos Semejantes a Cristo en las naciones\",\"description\":\"Haciendo disc\u00edpulos semejantes a Cristo en las Naciones\",\"publisher\":{\"@id\":\"https:\\\/\\\/www.samnaz.org\\\/#organization\"},\"alternateName\":\"Viviendo la Gran Comisi\u00f3n\",\"potentialAction\":[{\"@type\":\"SearchAction\",\"target\":{\"@type\":\"EntryPoint\",\"urlTemplate\":\"https:\\\/\\\/www.samnaz.org\\\/?s={search_term_string}\"},\"query-input\":{\"@type\":\"PropertyValueSpecification\",\"valueRequired\":true,\"valueName\":\"search_term_string\"}}],\"inLanguage\":\"pt-BR\"},{\"@type\":\"Organization\",\"@id\":\"https:\\\/\\\/www.samnaz.org\\\/#organization\",\"name\":\"Iglesia del Nazareno Am\u00e9rica del Sur\",\"url\":\"https:\\\/\\\/www.samnaz.org\\\/\",\"logo\":{\"@type\":\"ImageObject\",\"inLanguage\":\"pt-BR\",\"@id\":\"https:\\\/\\\/www.samnaz.org\\\/#\\\/schema\\\/logo\\\/image\\\/\",\"url\":\"https:\\\/\\\/www.samnaz.org\\\/wp-content\\\/uploads\\\/2021\\\/04\\\/Logo-3-ESP.png\",\"contentUrl\":\"https:\\\/\\\/www.samnaz.org\\\/wp-content\\\/uploads\\\/2021\\\/04\\\/Logo-3-ESP.png\",\"width\":1041,\"height\":780,\"caption\":\"Iglesia del Nazareno Am\u00e9rica del Sur\"},\"image\":{\"@id\":\"https:\\\/\\\/www.samnaz.org\\\/#\\\/schema\\\/logo\\\/image\\\/\"},\"sameAs\":[\"https:\\\/\\\/www.facebook.com\\\/NazarenoEsp\",\"https:\\\/\\\/www.instagram.com\\\/nazarenoesp\\\/\"],\"publishingPrinciples\":\"https:\\\/\\\/www.samnaz.org\\\/\"},{\"@type\":\"Person\",\"@id\":\"https:\\\/\\\/www.samnaz.org\\\/#\\\/schema\\\/person\\\/c09d1131c49ba510c7e1cbb677b39927\",\"name\":\"Samnaz\",\"image\":{\"@type\":\"ImageObject\",\"inLanguage\":\"pt-BR\",\"@id\":\"https:\\\/\\\/secure.gravatar.com\\\/avatar\\\/a5baaf0e270319d09c0efce6a9dd03ff93175913c70afe26595c0069c83fa6dc?s=96&d=mm&r=g\",\"url\":\"https:\\\/\\\/secure.gravatar.com\\\/avatar\\\/a5baaf0e270319d09c0efce6a9dd03ff93175913c70afe26595c0069c83fa6dc?s=96&d=mm&r=g\",\"contentUrl\":\"https:\\\/\\\/secure.gravatar.com\\\/avatar\\\/a5baaf0e270319d09c0efce6a9dd03ff93175913c70afe26595c0069c83fa6dc?s=96&d=mm&r=g\",\"caption\":\"Samnaz\"}}]}<\/script>\n<!-- \/ Yoast SEO Premium plugin. -->","yoast_head_json":{"title":"Distrito Per\u00fa Norte celebra su Asamblea Distrital N\u00ba 106 como un tiempo de unidad, visi\u00f3n y afirmaci\u00f3n ministerial | Iglesia del Nazareno Am\u00e9rica del Sur","description":"Noticia","robots":{"index":"noindex","follow":"follow"},"og_locale":"pt_BR","og_type":"article","og_title":"Distrito Per\u00fa Norte celebra su Asamblea Distrital N\u00ba 106 como un tiempo de unidad, visi\u00f3n y afirmaci\u00f3n ministerial | Iglesia del Nazareno Am\u00e9rica del Sur","og_description":"Noticia","og_url":"https:\/\/www.samnaz.org\/pt\/distrito-peru-norte-celebra-su-asamblea-distrital-no-106-como-un-tiempo-de-unidad-vision-y-afirmacion-ministerial\/","og_site_name":"Iglesia del Nazareno Am\u00e9rica del Sur","article_publisher":"https:\/\/www.facebook.com\/NazarenoEsp","article_published_time":"2026-01-28T15:21:23+00:00","article_modified_time":"2026-01-28T18:32:22+00:00","og_image":[{"width":1920,"height":1280,"url":"https:\/\/www.samnaz.org\/wp-content\/uploads\/2026\/01\/701A2380.jpg","type":"image\/jpeg"}],"author":"Samnaz","twitter_card":"summary_large_image","twitter_misc":{"Escrito por":"Samnaz","Est. tempo de leitura":"8 minutos"},"schema":{"@context":"https:\/\/schema.org","@graph":[{"@type":"Article","@id":"https:\/\/www.samnaz.org\/distrito-peru-norte-celebra-su-asamblea-distrital-no-106-como-un-tiempo-de-unidad-vision-y-afirmacion-ministerial\/#article","isPartOf":{"@id":"https:\/\/www.samnaz.org\/distrito-peru-norte-celebra-su-asamblea-distrital-no-106-como-un-tiempo-de-unidad-vision-y-afirmacion-ministerial\/"},"author":{"name":"Samnaz","@id":"https:\/\/www.samnaz.org\/#\/schema\/person\/c09d1131c49ba510c7e1cbb677b39927"},"headline":"Distrito Per\u00fa Norte celebra su Asamblea Distrital N\u00ba 106 como un tiempo de unidad, visi\u00f3n y afirmaci\u00f3n ministerial","datePublished":"2026-01-28T15:21:23+00:00","dateModified":"2026-01-28T18:32:22+00:00","mainEntityOfPage":{"@id":"https:\/\/www.samnaz.org\/distrito-peru-norte-celebra-su-asamblea-distrital-no-106-como-un-tiempo-de-unidad-vision-y-afirmacion-ministerial\/"},"wordCount":303,"commentCount":0,"publisher":{"@id":"https:\/\/www.samnaz.org\/#organization"},"image":{"@id":"https:\/\/www.samnaz.org\/distrito-peru-norte-celebra-su-asamblea-distrital-no-106-como-un-tiempo-de-unidad-vision-y-afirmacion-ministerial\/#primaryimage"},"thumbnailUrl":"https:\/\/www.samnaz.org\/wp-content\/uploads\/2026\/01\/701A2380.jpg","articleSection":["Am\u00e9rica del Sur","Desarrollo de la Iglesia","Liderazgo","Noticia","Per\u00fa"],"inLanguage":"pt-BR","potentialAction":[{"@type":"CommentAction","name":"Comment","target":["https:\/\/www.samnaz.org\/distrito-peru-norte-celebra-su-asamblea-distrital-no-106-como-un-tiempo-de-unidad-vision-y-afirmacion-ministerial\/#respond"]}]},{"@type":"WebPage","@id":"https:\/\/www.samnaz.org\/distrito-peru-norte-celebra-su-asamblea-distrital-no-106-como-un-tiempo-de-unidad-vision-y-afirmacion-ministerial\/","url":"https:\/\/www.samnaz.org\/distrito-peru-norte-celebra-su-asamblea-distrital-no-106-como-un-tiempo-de-unidad-vision-y-afirmacion-ministerial\/","name":"Distrito Per\u00fa Norte celebra su Asamblea Distrital N\u00ba 106 como un tiempo de unidad, visi\u00f3n y afirmaci\u00f3n ministerial | Iglesia del Nazareno Am\u00e9rica del Sur","isPartOf":{"@id":"https:\/\/www.samnaz.org\/#website"},"primaryImageOfPage":{"@id":"https:\/\/www.samnaz.org\/distrito-peru-norte-celebra-su-asamblea-distrital-no-106-como-un-tiempo-de-unidad-vision-y-afirmacion-ministerial\/#primaryimage"},"image":{"@id":"https:\/\/www.samnaz.org\/distrito-peru-norte-celebra-su-asamblea-distrital-no-106-como-un-tiempo-de-unidad-vision-y-afirmacion-ministerial\/#primaryimage"},"thumbnailUrl":"https:\/\/www.samnaz.org\/wp-content\/uploads\/2026\/01\/701A2380.jpg","datePublished":"2026-01-28T15:21:23+00:00","dateModified":"2026-01-28T18:32:22+00:00","description":"Noticia","inLanguage":"pt-BR","potentialAction":[{"@type":"ReadAction","target":["https:\/\/www.samnaz.org\/distrito-peru-norte-celebra-su-asamblea-distrital-no-106-como-un-tiempo-de-unidad-vision-y-afirmacion-ministerial\/"]}]},{"@type":"ImageObject","inLanguage":"pt-BR","@id":"https:\/\/www.samnaz.org\/distrito-peru-norte-celebra-su-asamblea-distrital-no-106-como-un-tiempo-de-unidad-vision-y-afirmacion-ministerial\/#primaryimage","url":"https:\/\/www.samnaz.org\/wp-content\/uploads\/2026\/01\/701A2380.jpg","contentUrl":"https:\/\/www.samnaz.org\/wp-content\/uploads\/2026\/01\/701A2380.jpg","width":1920,"height":1280},{"@type":"WebSite","@id":"https:\/\/www.samnaz.org\/#website","url":"https:\/\/www.samnaz.org\/","name":"Haciendo Disc\u00edpulos Semejantes a Cristo en las naciones","description":"Haciendo disc\u00edpulos semejantes a Cristo en las Naciones","publisher":{"@id":"https:\/\/www.samnaz.org\/#organization"},"alternateName":"Viviendo la Gran Comisi\u00f3n","potentialAction":[{"@type":"SearchAction","target":{"@type":"EntryPoint","urlTemplate":"https:\/\/www.samnaz.org\/?s={search_term_string}"},"query-input":{"@type":"PropertyValueSpecification","valueRequired":true,"valueName":"search_term_string"}}],"inLanguage":"pt-BR"},{"@type":"Organization","@id":"https:\/\/www.samnaz.org\/#organization","name":"Iglesia del Nazareno Am\u00e9rica del Sur","url":"https:\/\/www.samnaz.org\/","logo":{"@type":"ImageObject","inLanguage":"pt-BR","@id":"https:\/\/www.samnaz.org\/#\/schema\/logo\/image\/","url":"https:\/\/www.samnaz.org\/wp-content\/uploads\/2021\/04\/Logo-3-ESP.png","contentUrl":"https:\/\/www.samnaz.org\/wp-content\/uploads\/2021\/04\/Logo-3-ESP.png","width":1041,"height":780,"caption":"Iglesia del Nazareno Am\u00e9rica del Sur"},"image":{"@id":"https:\/\/www.samnaz.org\/#\/schema\/logo\/image\/"},"sameAs":["https:\/\/www.facebook.com\/NazarenoEsp","https:\/\/www.instagram.com\/nazarenoesp\/"],"publishingPrinciples":"https:\/\/www.samnaz.org\/"},{"@type":"Person","@id":"https:\/\/www.samnaz.org\/#\/schema\/person\/c09d1131c49ba510c7e1cbb677b39927","name":"Samnaz","image":{"@type":"ImageObject","inLanguage":"pt-BR","@id":"https:\/\/secure.gravatar.com\/avatar\/a5baaf0e270319d09c0efce6a9dd03ff93175913c70afe26595c0069c83fa6dc?s=96&d=mm&r=g","url":"https:\/\/secure.gravatar.com\/avatar\/a5baaf0e270319d09c0efce6a9dd03ff93175913c70afe26595c0069c83fa6dc?s=96&d=mm&r=g","contentUrl":"https:\/\/secure.gravatar.com\/avatar\/a5baaf0e270319d09c0efce6a9dd03ff93175913c70afe26595c0069c83fa6dc?s=96&d=mm&r=g","caption":"Samnaz"}}]}},"_links":{"self":[{"href":"https:\/\/www.samnaz.org\/pt\/wp-json\/wp\/v2\/posts\/50471","targetHints":{"allow":["GET"]}}],"collection":[{"href":"https:\/\/www.samnaz.org\/pt\/wp-json\/wp\/v2\/posts"}],"about":[{"href":"https:\/\/www.samnaz.org\/pt\/wp-json\/wp\/v2\/types\/post"}],"author":[{"embeddable":true,"href":"https:\/\/www.samnaz.org\/pt\/wp-json\/wp\/v2\/users\/4"}],"replies":[{"embeddable":true,"href":"https:\/\/www.samnaz.org\/pt\/wp-json\/wp\/v2\/comments?post=50471"}],"version-history":[{"count":4,"href":"https:\/\/www.samnaz.org\/pt\/wp-json\/wp\/v2\/posts\/50471\/revisions"}],"predecessor-version":[{"id":50504,"href":"https:\/\/www.samnaz.org\/pt\/wp-json\/wp\/v2\/posts\/50471\/revisions\/50504"}],"wp:featuredmedia":[{"embeddable":true,"href":"https:\/\/www.samnaz.org\/pt\/wp-json\/wp\/v2\/media\/50488"}],"wp:attachment":[{"href":"https:\/\/www.samnaz.org\/pt\/wp-json\/wp\/v2\/media?parent=50471"}],"wp:term":[{"taxonomy":"category","embeddable":true,"href":"https:\/\/www.samnaz.org\/pt\/wp-json\/wp\/v2\/categories?post=50471"},{"taxonomy":"post_tag","embeddable":true,"href":"https:\/\/www.samnaz.org\/pt\/wp-json\/wp\/v2\/tags?post=50471"}],"curies":[{"name":"wp","href":"https:\/\/api.w.org\/{rel}","templated":true}]}}