{"id":50544,"date":"2026-01-29T16:42:54","date_gmt":"2026-01-29T19:42:54","guid":{"rendered":"https:\/\/www.samnaz.org\/?p=50544"},"modified":"2026-01-29T17:02:14","modified_gmt":"2026-01-29T20:02:14","slug":"distrito-el-alto-noroeste-celebra-su-20a-asamblea-distrital-y-elige-nuevo-superintendente-distrital","status":"publish","type":"post","link":"https:\/\/www.samnaz.org\/pt\/distrito-el-alto-noroeste-celebra-su-20a-asamblea-distrital-y-elige-nuevo-superintendente-distrital\/","title":{"rendered":"Distrito El Alto Noroeste celebra su 20\u00aa Asamblea Distrital y elige nuevo Superintendente Distrital"},"content":{"rendered":"<p>[et_pb_section fb_built=\u00bb1&#8243; _builder_version=\u00bb4.16&#8243; _module_preset=\u00bbdefault\u00bb custom_padding=\u00bb0px||||false|false\u00bb global_colors_info=\u00bb{}\u00bb][et_pb_row disabled_on=\u00bbon|on|on\u00bb _builder_version=\u00bb4.16&#8243; _module_preset=\u00bbdefault\u00bb disabled=\u00bbon\u00bb global_colors_info=\u00bb{}\u00bb][et_pb_column type=\u00bb4_4&#8243; _builder_version=\u00bb4.16&#8243; _module_preset=\u00bbdefault\u00bb global_colors_info=\u00bb{}\u00bb][et_pb_text disabled_on=\u00bboff|off|off\u00bb _builder_version=\u00bb4.16&#8243; _module_preset=\u00bbdefault\u00bb text_text_color=\u00bb#0C71C3&#8243; text_font_size=\u00bb23px\u00bb text_orientation=\u00bbcenter\u00bb global_colors_info=\u00bb{}\u00bb]<\/p>\n<p>CONTENIDO EN ESPA\u00d1OL<\/p>\n<p>[\/et_pb_text][\/et_pb_column][\/et_pb_row][et_pb_row module_class=\u00bbespanol\u00bb _builder_version=\u00bb4.16&#8243; _module_preset=\u00bbdefault\u00bb width=\u00bb100%\u00bb global_colors_info=\u00bb{}\u00bb][et_pb_column type=\u00bb4_4&#8243; module_class=\u00bbcolLeft\u00bb _builder_version=\u00bb4.16&#8243; _module_preset=\u00bbdefault\u00bb custom_padding=\u00bb|50px|||false|false\u00bb custom_padding_tablet=\u00bb|20px||20px|false|true\u00bb custom_padding_phone=\u00bb\u00bb custom_padding_last_edited=\u00bbon|phone\u00bb border_color_all=\u00bb#e0e0e0&#8243; border_width_right_tablet=\u00bb0px\u00bb border_width_right_phone=\u00bb0px\u00bb border_width_right_last_edited=\u00bbon|desktop\u00bb global_colors_info=\u00bb{}\u00bb][et_pb_code admin_label=\u00bbCode\u00bb _builder_version=\u00bb4.16&#8243; _module_preset=\u00bbdefault\u00bb background_enable_color=\u00bboff\u00bb positioning=\u00bbabsolute\u00bb position_origin_a=\u00bbtop_right\u00bb vertical_offset=\u00bb10px\u00bb horizontal_offset=\u00bb50px\u00bb z_index=\u00bb137&#8243; vertical_offset_tablet=\u00bb\u00bb vertical_offset_phone=\u00bb-45px\u00bb vertical_offset_last_edited=\u00bbon|phone\u00bb horizontal_offset_tablet=\u00bb20px\u00bb horizontal_offset_phone=\u00bb\u00bb horizontal_offset_last_edited=\u00bbon|phone\u00bb position_origin_a_tablet=\u00bb\u00bb position_origin_a_phone=\u00bb\u00bb position_origin_a_last_edited=\u00bbon|desktop\u00bb position_origin_f_tablet=\u00bb\u00bb position_origin_f_phone=\u00bb\u00bb position_origin_f_last_edited=\u00bbon|desktop\u00bb position_origin_r_tablet=\u00bb\u00bb position_origin_r_phone=\u00bb\u00bb position_origin_r_last_edited=\u00bbon|desktop\u00bb text_orientation=\u00bbright\u00bb width=\u00bb160px\u00bb height=\u00bb30px\u00bb positioning_tablet=\u00bb\u00bb positioning_phone=\u00bb\u00bb positioning_last_edited=\u00bbon|desktop\u00bb global_colors_info=\u00bb{}\u00bb]<!-- AddToAny BEGIN --><!-- [et_pb_line_break_holder] --><a class=\"a2a_dd\" href=\"https:\/\/www.addtoany.com\/share\" style=\"background: black;<!-- [et_pb_line_break_holder] -->    font-size: 18px;<!-- [et_pb_line_break_holder] -->    color: white;<!-- [et_pb_line_break_holder] -->    padding: 10px;text-transform: uppercase;\u00bb><!-- [et_pb_line_break_holder] -->  <svg style=\"width: 20px;\" aria-hidden=\"true\" focusable=\"false\" data-prefix=\"fas\" data-icon=\"share-square\" role=\"img\" xmlns=\"http:\/\/www.w3.org\/2000\/svg\" viewbox=\"0 0 576 512\" data-fa-i2svg=\"\"><path fill=\"currentColor\" d=\"M568.482 177.448L424.479 313.433C409.3 327.768 384 317.14 384 295.985v-71.963c-144.575.97-205.566 35.113-164.775 171.353 4.483 14.973-12.846 26.567-25.006 17.33C155.252 383.105 120 326.488 120 269.339c0-143.937 117.599-172.5 264-173.312V24.012c0-21.174 25.317-31.768 40.479-17.448l144.003 135.988c10.02 9.463 10.028 25.425 0 34.896zM384 379.128V448H64V128h50.916a11.99 11.99 0 0 0 8.648-3.693c14.953-15.568 32.237-27.89 51.014-37.676C185.708 80.83 181.584 64 169.033 64H48C21.49 64 0 85.49 0 112v352c0 26.51 21.49 48 48 48h352c26.51 0 48-21.49 48-48v-88.806c0-8.288-8.197-14.066-16.011-11.302a71.83 71.83 0 0 1-34.189 3.377c-7.27-1.046-13.8 4.514-13.8 11.859z\"><\/path><\/svg><!-- [et_pb_line_break_holder] -->  COMPARTILHAR<!-- [et_pb_line_break_holder] --><\/a><!-- [et_pb_line_break_holder] --><script async src=\"https:\/\/static.addtoany.com\/menu\/page.js\"><\/script><!-- [et_pb_line_break_holder] --><!-- AddToAny END -->[\/et_pb_code][et_pb_text _builder_version=\u00bb4.27.5&#8243; _module_preset=\u00bbdefault\u00bb text_font=\u00bb|700|||||||\u00bb text_font_size=\u00bb25px\u00bb width=\u00bb78%\u00bb width_tablet=\u00bb\u00bb width_phone=\u00bb100%\u00bb width_last_edited=\u00bbon|phone\u00bb custom_margin=\u00bb||5px|||\u00bb global_colors_info=\u00bb{}\u00bb]<\/p>\n<p class=\"p1\">Distrito El Alto Noroeste celebra su 20\u00aa Asamblea Distrital y elige nuevo Superintendente Distrital<\/p>\n<p>[\/et_pb_text][et_pb_post_title title=\u00bboff\u00bb comments=\u00bboff\u00bb module_class=\u00bbtituloNoti\u00bb _builder_version=\u00bb4.16&#8243; _module_preset=\u00bbdefault\u00bb width_tablet=\u00bb\u00bb width_phone=\u00bb\u00bb width_last_edited=\u00bbon|phone\u00bb custom_padding=\u00bb|0px|||false|false\u00bb custom_padding_tablet=\u00bb|0px|||false|false\u00bb custom_padding_phone=\u00bb|0px|||false|false\u00bb custom_padding_last_edited=\u00bbon|phone\u00bb border_color_right=\u00bb#e8e8e8&#8243; border_width_right_tablet=\u00bb0px\u00bb border_width_right_phone=\u00bb\u00bb border_width_right_last_edited=\u00bbon|desktop\u00bb global_colors_info=\u00bb{}\u00bb][\/et_pb_post_title][et_pb_text _builder_version=\u00bb4.27.5&#8243; _module_preset=\u00bbdefault\u00bb text_font_size=\u00bb17px\u00bb global_colors_info=\u00bb{}\u00bb]<\/p>\n<p style=\"margin: 0cm 0cm 15pt; text-align: justify;\"><b><span style=\"font-family: 'Arial',sans-serif; color: black;\">(CNAS Bolivia) <\/span><\/b>El viernes 16 de enero de 2026, en el templo de la Iglesia del Nazareno Villa Abaroa, en la ciudad de El Alto, Bolivia, se llev\u00f3 a cabo la 20\u00aa Asamblea del Distrito El Alto Noroeste, un encuentro significativo marcado por la comuni\u00f3n, la gratitud y la b\u00fasqueda de la direcci\u00f3n de Dios para el caminar del distrito.<\/p>\n<p class=\"p1\">El Distrito El Alto Noroeste, conformado por 91 iglesias, desarroll\u00f3 durante la semana un proceso de rendici\u00f3n de informes y reflexi\u00f3n ministerial. Las actividades incluyeron la presentaci\u00f3n de los informes de la JNI, MNI y DNI, culminando con la Asamblea Distrital. Este tiempo permiti\u00f3 evidenciar el servicio fiel que se realiza en las distintas \u00e1reas del distrito y en cada una de sus iglesias locales.<\/p>\n<p class=\"p1\">Con la participaci\u00f3n de alrededor de 400 asistentes, entre presb\u00edteros, pastores, ministros y laicos, la asamblea se vivi\u00f3 como un espacio de unidad, di\u00e1logo y oraci\u00f3n, fortaleciendo los lazos de fraternidad y cooperaci\u00f3n entre las iglesias del distrito.<\/p>\n<p class=\"p1\">Uno de los momentos m\u00e1s significativos de la jornada fue la expresi\u00f3n de gratitud al Rev. Bernab\u00e9 Aruquipa, quien, tras ocho a\u00f1os de servicio como Superintendente Distrital, fue reconocido por su liderazgo pastoral, entrega y compromiso con la misi\u00f3n del Reino. Su ministerio dej\u00f3 huellas visibles en el fortalecimiento del distrito, el acompa\u00f1amiento cercano a las iglesias y el impulso del trabajo ministerial en todas las \u00e1reas.<\/p>\n<p class=\"p1\">En este mismo marco, la Asamblea eligi\u00f3 al Rev. Vicente Murga como nuevo Superintendente Distrital, encomendando su vida y ministerio a la gu\u00eda y direcci\u00f3n del Se\u00f1or para este nuevo tiempo de liderazgo y servicio.<\/p>\n<p class=\"p1\">La Asamblea cont\u00f3 con la presencia de distinguidos l\u00edderes de la Iglesia del Nazareno: la Dra. Carla Sunberg, Superintendente General, acompa\u00f1ada por su esposo, el Rev. Charles Sunberg; el Dr. Evelio V\u00e1squez y su esposa Gladis Bereche; David Musselman y su esposa Lynn Haney Musselman; y el Rev. Herm\u00e1n Alc\u00e1ntara junto a su esposa Diana Avalos. Su participaci\u00f3n reafirm\u00f3 el esp\u00edritu de unidad y misi\u00f3n compartida que impulsa a la Iglesia en la regi\u00f3n.<\/p>\n<p class=\"p1\">Durante su mensaje central, la Dra. Carla Sunberg comparti\u00f3 una palabra de desaf\u00edo y esperanza, enfatizando que la Iglesia avanza cuando Cristo vive en nosotros y cuando se depende plenamente de la unci\u00f3n del Esp\u00edritu Santo. Anim\u00f3 a cada pastor, l\u00edder e iglesia a convertirse en verdaderos \u201ccentros de fuego santo\u201d, confiando no en las propias fuerzas, sino en el poder que proviene de Dios.<\/p>\n<p class=\"p1\">La 20\u00aa Asamblea del Distrito El Alto Noroeste concluy\u00f3 con un profundo sentido de gratitud y esperanza, confiando en que Dios continuar\u00e1 guiando al distrito para servir con fidelidad, amor y compromiso en cada lugar donde la Iglesia del Nazareno est\u00e1 presente.<\/p>\n<p style=\"margin: 0cm 0cm 15pt; text-align: justify;\"><b><i><span style=\"font-family: 'Arial',sans-serif; color: black;\">Fonte\u00a0 \u00a0<\/span><\/i><\/b><i><span style=\"font-family: 'Arial',sans-serif; color: black;\">Iglesia del Nazareno &#8211; B<\/span><\/i><i><span style=\"font-family: 'Arial',sans-serif; color: black;\">olivia.<\/span><\/i><\/p>\n<p>[\/et_pb_text][\/et_pb_column][\/et_pb_row][et_pb_row disabled_on=\u00bbon|on|on\u00bb _builder_version=\u00bb4.16&#8243; _module_preset=\u00bbdefault\u00bb disabled=\u00bbon\u00bb global_colors_info=\u00bb{}\u00bb][et_pb_column type=\u00bb4_4&#8243; _builder_version=\u00bb4.16&#8243; _module_preset=\u00bbdefault\u00bb global_colors_info=\u00bb{}\u00bb][et_pb_text disabled_on=\u00bboff|off|off\u00bb _builder_version=\u00bb4.16&#8243; _module_preset=\u00bbdefault\u00bb text_text_color=\u00bb#0C71C3&#8243; text_font_size=\u00bb23px\u00bb text_orientation=\u00bbcenter\u00bb global_colors_info=\u00bb{}\u00bb]<\/p>\n<p>CONTENIDO EN PORTUGUES<\/p>\n<p>[\/et_pb_text][\/et_pb_column][\/et_pb_row][et_pb_row module_class=\u00bbportugues\u00bb _builder_version=\u00bb4.16&#8243; _module_preset=\u00bbdefault\u00bb width=\u00bb100%\u00bb global_colors_info=\u00bb{}\u00bb][et_pb_column type=\u00bb4_4&#8243; module_class=\u00bbcolLeft\u00bb _builder_version=\u00bb4.16&#8243; _module_preset=\u00bbdefault\u00bb custom_padding=\u00bb|50px|||false|false\u00bb custom_padding_tablet=\u00bb|20px||20px|false|true\u00bb custom_padding_phone=\u00bb\u00bb custom_padding_last_edited=\u00bbon|phone\u00bb border_color_all=\u00bb#e0e0e0&#8243; border_width_right_tablet=\u00bb0px\u00bb border_width_right_phone=\u00bb0px\u00bb border_width_right_last_edited=\u00bbon|desktop\u00bb global_colors_info=\u00bb{}\u00bb][et_pb_code admin_label=\u00bbCode\u00bb _builder_version=\u00bb4.16&#8243; _module_preset=\u00bbdefault\u00bb background_enable_color=\u00bboff\u00bb positioning=\u00bbabsolute\u00bb position_origin_a=\u00bbtop_right\u00bb vertical_offset=\u00bb10px\u00bb horizontal_offset=\u00bb50px\u00bb z_index=\u00bb137&#8243; vertical_offset_tablet=\u00bb\u00bb vertical_offset_phone=\u00bb-45px\u00bb vertical_offset_last_edited=\u00bbon|phone\u00bb horizontal_offset_tablet=\u00bb20px\u00bb horizontal_offset_phone=\u00bb\u00bb horizontal_offset_last_edited=\u00bbon|phone\u00bb position_origin_a_tablet=\u00bb\u00bb position_origin_a_phone=\u00bb\u00bb position_origin_a_last_edited=\u00bbon|desktop\u00bb position_origin_f_tablet=\u00bb\u00bb position_origin_f_phone=\u00bb\u00bb position_origin_f_last_edited=\u00bbon|desktop\u00bb position_origin_r_tablet=\u00bb\u00bb position_origin_r_phone=\u00bb\u00bb position_origin_r_last_edited=\u00bbon|desktop\u00bb text_orientation=\u00bbright\u00bb width=\u00bb190px\u00bb height=\u00bb30px\u00bb positioning_tablet=\u00bb\u00bb positioning_phone=\u00bb\u00bb positioning_last_edited=\u00bbon|desktop\u00bb global_colors_info=\u00bb{}\u00bb]<!-- AddToAny BEGIN --><!-- [et_pb_line_break_holder] --><a class=\"a2a_dd\" href=\"https:\/\/www.addtoany.com\/share\" style=\"background: black;<!-- [et_pb_line_break_holder] -->    font-size: 18px;<!-- [et_pb_line_break_holder] -->    color: white;<!-- [et_pb_line_break_holder] -->    padding: 10px;text-transform: uppercase;\u00bb><!-- [et_pb_line_break_holder] -->  <svg style=\"width: 20px;\" aria-hidden=\"true\" focusable=\"false\" data-prefix=\"fas\" data-icon=\"share-square\" role=\"img\" xmlns=\"http:\/\/www.w3.org\/2000\/svg\" viewbox=\"0 0 576 512\" data-fa-i2svg=\"\"><path fill=\"currentColor\" d=\"M568.482 177.448L424.479 313.433C409.3 327.768 384 317.14 384 295.985v-71.963c-144.575.97-205.566 35.113-164.775 171.353 4.483 14.973-12.846 26.567-25.006 17.33C155.252 383.105 120 326.488 120 269.339c0-143.937 117.599-172.5 264-173.312V24.012c0-21.174 25.317-31.768 40.479-17.448l144.003 135.988c10.02 9.463 10.028 25.425 0 34.896zM384 379.128V448H64V128h50.916a11.99 11.99 0 0 0 8.648-3.693c14.953-15.568 32.237-27.89 51.014-37.676C185.708 80.83 181.584 64 169.033 64H48C21.49 64 0 85.49 0 112v352c0 26.51 21.49 48 48 48h352c26.51 0 48-21.49 48-48v-88.806c0-8.288-8.197-14.066-16.011-11.302a71.83 71.83 0 0 1-34.189 3.377c-7.27-1.046-13.8 4.514-13.8 11.859z\"><\/path><\/svg><!-- [et_pb_line_break_holder] -->  Compartilhar<!-- [et_pb_line_break_holder] --><\/a><!-- [et_pb_line_break_holder] --><script async src=\"https:\/\/static.addtoany.com\/menu\/page.js\"><\/script><!-- [et_pb_line_break_holder] --><!-- AddToAny END -->[\/et_pb_code][et_pb_text _builder_version=\u00bb4.27.5&#8243; _module_preset=\u00bbdefault\u00bb text_font=\u00bb|700|||||||\u00bb text_font_size=\u00bb25px\u00bb width=\u00bb78%\u00bb width_tablet=\u00bb\u00bb width_phone=\u00bb100%\u00bb width_last_edited=\u00bbon|phone\u00bb custom_margin=\u00bb||5px|||\u00bb global_colors_info=\u00bb{}\u00bb]<\/p>\n<p class=\"p1\">Distrito El Alto Noroeste celebra sua 20\u00aa Assembleia Distrital e elege novo Superintendente Distrital<\/p>\n<p>[\/et_pb_text][et_pb_post_title title=\u00bboff\u00bb comments=\u00bboff\u00bb module_class=\u00bbtituloNoti\u00bb _builder_version=\u00bb4.16&#8243; _module_preset=\u00bbdefault\u00bb width_tablet=\u00bb\u00bb width_phone=\u00bb\u00bb width_last_edited=\u00bbon|phone\u00bb custom_padding=\u00bb|0px|||false|false\u00bb custom_padding_tablet=\u00bb|0px|||false|false\u00bb custom_padding_phone=\u00bb|0px|||false|false\u00bb custom_padding_last_edited=\u00bbon|phone\u00bb border_color_right=\u00bb#e8e8e8&#8243; border_width_right_tablet=\u00bb0px\u00bb border_width_right_phone=\u00bb\u00bb border_width_right_last_edited=\u00bbon|desktop\u00bb global_colors_info=\u00bb{}\u00bb][\/et_pb_post_title][et_pb_text _builder_version=\u00bb4.27.5&#8243; _module_preset=\u00bbdefault\u00bb text_font_size=\u00bb17px\u00bb global_colors_info=\u00bb{}\u00bb]<\/p>\n<p style=\"text-align: justify;\"><strong>(CNAS Bol\u00edvia<em>) <\/em><\/strong>Na sexta-feira, 16 de janeiro de 2026, no templo da Igreja do Nazareno Villa Abaroa, na cidade de El Alto, Bol\u00edvia, foi realizada a 20\u00aa Assembleia do Distrito El Alto Noroeste, um encontro significativo marcado pela comunh\u00e3o, pela gratid\u00e3o e pela busca da dire\u00e7\u00e3o de Deus para o caminhar do distrito.<\/p>\n<p class=\"p1\">O Distrito El Alto Noroeste, composto por 91 igrejas, desenvolveu ao longo da semana um processo de presta\u00e7\u00e3o de relat\u00f3rios e reflex\u00e3o ministerial. As atividades inclu\u00edram a apresenta\u00e7\u00e3o dos relat\u00f3rios da JNI, MNI e DNI, culminando com a Assembleia Distrital. Esse tempo permitiu evidenciar o servi\u00e7o fiel que \u00e9 realizado nas diferentes \u00e1reas do distrito e em cada uma de suas igrejas locais.<\/p>\n<p class=\"p1\">Com a participa\u00e7\u00e3o de aproximadamente 400 pessoas, entre presb\u00edteros, pastores, ministros e leigos, a assembleia foi vivida como um espa\u00e7o de unidade, di\u00e1logo e ora\u00e7\u00e3o, fortalecendo os la\u00e7os de fraternidade e coopera\u00e7\u00e3o entre as igrejas do distrito.<\/p>\n<p class=\"p1\">Um dos momentos mais significativos da jornada foi a express\u00e3o de gratid\u00e3o ao Rev. Bernab\u00e9 Aruquipa, que, ap\u00f3s oito anos de servi\u00e7o como Superintendente Distrital, foi reconhecido por sua lideran\u00e7a pastoral, dedica\u00e7\u00e3o e compromisso com a miss\u00e3o do Reino. Seu minist\u00e9rio deixou marcas vis\u00edveis no fortalecimento do distrito, no acompanhamento pr\u00f3ximo \u00e0s igrejas e no impulso do trabalho ministerial em todas as \u00e1reas.<\/p>\n<p class=\"p1\">Nesse mesmo contexto, a Assembleia elegeu o Rev. Vicente Murga como novo Superintendente Distrital, confiando sua vida e minist\u00e9rio \u00e0 orienta\u00e7\u00e3o e dire\u00e7\u00e3o do Senhor para este novo tempo de lideran\u00e7a e servi\u00e7o.<\/p>\n<p class=\"p1\">A Assembleia contou com a presen\u00e7a de destacados l\u00edderes da Igreja do Nazareno: a Dra. Carla Sunberg, Superintendente Geral, acompanhada por seu esposo, o Rev. Charles Sunberg; o Dr. Evelio V\u00e1squez e sua esposa Gladis Bereche; David Musselman e sua esposa Lynn Haney Musselman; e o Rev. Herm\u00e1n Alc\u00e1ntara, juntamente com sua esposa Diana Avalos. Sua participa\u00e7\u00e3o reafirmou o esp\u00edrito de unidade e miss\u00e3o compartilhada que impulsiona a Igreja na regi\u00e3o.<\/p>\n<p class=\"p1\">Durante sua mensagem central, a Dra. Carla Sunberg compartilhou uma palavra de desafio e esperan\u00e7a, enfatizando que a Igreja avan\u00e7a quando Cristo vive em n\u00f3s e quando dependemos plenamente da un\u00e7\u00e3o do Esp\u00edrito Santo. Ela encorajou cada pastor, l\u00edder e igreja a se tornarem verdadeiros \u201ccentros de fogo santo\u201d, confiando n\u00e3o nas pr\u00f3prias for\u00e7as, mas no poder que vem de Deus.<\/p>\n<p class=\"p1\">A 20\u00aa Assembleia do Distrito El Alto Noroeste foi conclu\u00edda com um profundo sentimento de gratid\u00e3o e esperan\u00e7a, confiando que Deus continuar\u00e1 guiando o distrito para servir com fidelidade, amor e compromisso em cada lugar onde a Igreja do Nazareno est\u00e1 presente.<\/p>\n<p style=\"text-align: justify;\"><strong><em><\/em><\/strong><strong><em>Fonte: <\/em><\/strong><em>Igreja do Nazareno &#8211; Bol\u00edvia.<\/em><\/p>\n<p>[\/et_pb_text][\/et_pb_column][\/et_pb_row][et_pb_row _builder_version=\u00bb4.16&#8243; _module_preset=\u00bbdefault\u00bb width=\u00bb100%\u00bb global_colors_info=\u00bb{}\u00bb][et_pb_column type=\u00bb4_4&#8243; module_class=\u00bbcolLeft\u00bb _builder_version=\u00bb4.16&#8243; _module_preset=\u00bbdefault\u00bb custom_padding=\u00bb|50px|||false|false\u00bb custom_padding_tablet=\u00bb|20px||20px|false|true\u00bb custom_padding_phone=\u00bb\u00bb custom_padding_last_edited=\u00bbon|phone\u00bb border_color_all=\u00bb#e0e0e0&#8243; border_width_right_tablet=\u00bb0px\u00bb border_width_right_phone=\u00bb0px\u00bb border_width_right_last_edited=\u00bbon|desktop\u00bb global_colors_info=\u00bb{}\u00bb][et_pb_gallery gallery_ids=\u00bb50549,50550,50551,50552,50553,50554,50555,50556,50557&#8243; posts_number=\u00bb8&#8243; show_title_and_caption=\u00bboff\u00bb zoom_icon_color=\u00bb#E02B20&#8243; hover_overlay_color=\u00bb#FFFFFF\u00bb hover_icon=\u00bb&#x54;||divi||400&#8243; _builder_version=\u00bb4.27.5&#8243; _module_preset=\u00bbdefault\u00bb title_font_size=\u00bb0px\u00bb width=\u00bb100%\u00bb module_alignment=\u00bbcenter\u00bb global_colors_info=\u00bb{}\u00bb][\/et_pb_gallery][\/et_pb_column][\/et_pb_row][\/et_pb_section]<\/p>\n<span class=\"et_bloom_bottom_trigger\"><\/span>","protected":false},"excerpt":{"rendered":"<p>CONTENIDO EN ESPA\u00d1OL<\/p>","protected":false},"author":4,"featured_media":50556,"comment_status":"open","ping_status":"open","sticky":false,"template":"","format":"standard","meta":{"_et_pb_use_builder":"on","_et_pb_old_content":"","_et_gb_content_width":"","_monsterinsights_skip_tracking":false,"_monsterinsights_sitenote_active":false,"_monsterinsights_sitenote_note":"","_monsterinsights_sitenote_category":0,"_vp_format_video_url":"","_vp_image_focal_point":[],"footnotes":""},"categories":[134,52,235,1],"tags":[],"class_list":["post-50544","post","type-post","status-publish","format-standard","has-post-thumbnail","hentry","category-america-del-sur","category-bolivia","category-desarrollo-de-la-iglesia","category-noticia"],"yoast_head":"<!-- This site is optimized with the Yoast SEO Premium plugin v23.6 (Yoast SEO v27.5) - https:\/\/yoast.com\/product\/yoast-seo-premium-wordpress\/ -->\n<title>Distrito El Alto Noroeste celebra su 20\u00aa Asamblea Distrital y elige nuevo Superintendente Distrital | Iglesia del Nazareno Am\u00e9rica del Sur<\/title>\n<meta name=\"description\" content=\"Noticia\" \/>\n<meta name=\"robots\" content=\"noindex, follow\" \/>\n<meta property=\"og:locale\" content=\"pt_BR\" \/>\n<meta property=\"og:type\" content=\"article\" \/>\n<meta property=\"og:title\" content=\"Distrito El Alto Noroeste celebra su 20\u00aa Asamblea Distrital y elige nuevo Superintendente Distrital | Iglesia del Nazareno Am\u00e9rica del Sur\" \/>\n<meta property=\"og:description\" content=\"Noticia\" \/>\n<meta property=\"og:url\" content=\"https:\/\/www.samnaz.org\/pt\/distrito-el-alto-noroeste-celebra-su-20a-asamblea-distrital-y-elige-nuevo-superintendente-distrital\/\" \/>\n<meta property=\"og:site_name\" content=\"Iglesia del Nazareno Am\u00e9rica del Sur\" \/>\n<meta property=\"article:publisher\" content=\"https:\/\/www.facebook.com\/NazarenoEsp\" \/>\n<meta property=\"article:published_time\" content=\"2026-01-29T19:42:54+00:00\" \/>\n<meta property=\"article:modified_time\" content=\"2026-01-29T20:02:14+00:00\" \/>\n<meta property=\"og:image\" content=\"https:\/\/www.samnaz.org\/wp-content\/uploads\/2026\/01\/IMG_6819-1.jpg\" \/>\n\t<meta property=\"og:image:width\" content=\"1920\" \/>\n\t<meta property=\"og:image:height\" content=\"1080\" \/>\n\t<meta property=\"og:image:type\" content=\"image\/jpeg\" \/>\n<meta name=\"author\" content=\"Samnaz\" \/>\n<meta name=\"twitter:card\" content=\"summary_large_image\" \/>\n<meta name=\"twitter:label1\" content=\"Escrito por\" \/>\n\t<meta name=\"twitter:data1\" content=\"Samnaz\" \/>\n\t<meta name=\"twitter:label2\" content=\"Est. tempo de leitura\" \/>\n\t<meta name=\"twitter:data2\" content=\"7 minutos\" \/>\n<script type=\"application\/ld+json\" class=\"yoast-schema-graph\">{\"@context\":\"https:\\\/\\\/schema.org\",\"@graph\":[{\"@type\":\"Article\",\"@id\":\"https:\\\/\\\/www.samnaz.org\\\/distrito-el-alto-noroeste-celebra-su-20a-asamblea-distrital-y-elige-nuevo-superintendente-distrital\\\/#article\",\"isPartOf\":{\"@id\":\"https:\\\/\\\/www.samnaz.org\\\/distrito-el-alto-noroeste-celebra-su-20a-asamblea-distrital-y-elige-nuevo-superintendente-distrital\\\/\"},\"author\":{\"name\":\"Samnaz\",\"@id\":\"https:\\\/\\\/www.samnaz.org\\\/#\\\/schema\\\/person\\\/c09d1131c49ba510c7e1cbb677b39927\"},\"headline\":\"Distrito El Alto Noroeste celebra su 20\u00aa Asamblea Distrital y elige nuevo Superintendente Distrital\",\"datePublished\":\"2026-01-29T19:42:54+00:00\",\"dateModified\":\"2026-01-29T20:02:14+00:00\",\"mainEntityOfPage\":{\"@id\":\"https:\\\/\\\/www.samnaz.org\\\/distrito-el-alto-noroeste-celebra-su-20a-asamblea-distrital-y-elige-nuevo-superintendente-distrital\\\/\"},\"wordCount\":297,\"commentCount\":0,\"publisher\":{\"@id\":\"https:\\\/\\\/www.samnaz.org\\\/#organization\"},\"image\":{\"@id\":\"https:\\\/\\\/www.samnaz.org\\\/distrito-el-alto-noroeste-celebra-su-20a-asamblea-distrital-y-elige-nuevo-superintendente-distrital\\\/#primaryimage\"},\"thumbnailUrl\":\"https:\\\/\\\/www.samnaz.org\\\/wp-content\\\/uploads\\\/2026\\\/01\\\/IMG_6819-1.jpg\",\"articleSection\":[\"Am\u00e9rica del Sur\",\"Bolivia\",\"Desarrollo de la Iglesia\",\"Noticia\"],\"inLanguage\":\"pt-BR\",\"potentialAction\":[{\"@type\":\"CommentAction\",\"name\":\"Comment\",\"target\":[\"https:\\\/\\\/www.samnaz.org\\\/distrito-el-alto-noroeste-celebra-su-20a-asamblea-distrital-y-elige-nuevo-superintendente-distrital\\\/#respond\"]}]},{\"@type\":\"WebPage\",\"@id\":\"https:\\\/\\\/www.samnaz.org\\\/distrito-el-alto-noroeste-celebra-su-20a-asamblea-distrital-y-elige-nuevo-superintendente-distrital\\\/\",\"url\":\"https:\\\/\\\/www.samnaz.org\\\/distrito-el-alto-noroeste-celebra-su-20a-asamblea-distrital-y-elige-nuevo-superintendente-distrital\\\/\",\"name\":\"Distrito El Alto Noroeste celebra su 20\u00aa Asamblea Distrital y elige nuevo Superintendente Distrital | Iglesia del Nazareno Am\u00e9rica del Sur\",\"isPartOf\":{\"@id\":\"https:\\\/\\\/www.samnaz.org\\\/#website\"},\"primaryImageOfPage\":{\"@id\":\"https:\\\/\\\/www.samnaz.org\\\/distrito-el-alto-noroeste-celebra-su-20a-asamblea-distrital-y-elige-nuevo-superintendente-distrital\\\/#primaryimage\"},\"image\":{\"@id\":\"https:\\\/\\\/www.samnaz.org\\\/distrito-el-alto-noroeste-celebra-su-20a-asamblea-distrital-y-elige-nuevo-superintendente-distrital\\\/#primaryimage\"},\"thumbnailUrl\":\"https:\\\/\\\/www.samnaz.org\\\/wp-content\\\/uploads\\\/2026\\\/01\\\/IMG_6819-1.jpg\",\"datePublished\":\"2026-01-29T19:42:54+00:00\",\"dateModified\":\"2026-01-29T20:02:14+00:00\",\"description\":\"Noticia\",\"inLanguage\":\"pt-BR\",\"potentialAction\":[{\"@type\":\"ReadAction\",\"target\":[\"https:\\\/\\\/www.samnaz.org\\\/distrito-el-alto-noroeste-celebra-su-20a-asamblea-distrital-y-elige-nuevo-superintendente-distrital\\\/\"]}]},{\"@type\":\"ImageObject\",\"inLanguage\":\"pt-BR\",\"@id\":\"https:\\\/\\\/www.samnaz.org\\\/distrito-el-alto-noroeste-celebra-su-20a-asamblea-distrital-y-elige-nuevo-superintendente-distrital\\\/#primaryimage\",\"url\":\"https:\\\/\\\/www.samnaz.org\\\/wp-content\\\/uploads\\\/2026\\\/01\\\/IMG_6819-1.jpg\",\"contentUrl\":\"https:\\\/\\\/www.samnaz.org\\\/wp-content\\\/uploads\\\/2026\\\/01\\\/IMG_6819-1.jpg\",\"width\":1920,\"height\":1080},{\"@type\":\"WebSite\",\"@id\":\"https:\\\/\\\/www.samnaz.org\\\/#website\",\"url\":\"https:\\\/\\\/www.samnaz.org\\\/\",\"name\":\"Haciendo Disc\u00edpulos Semejantes a Cristo en las naciones\",\"description\":\"Haciendo disc\u00edpulos semejantes a Cristo en las Naciones\",\"publisher\":{\"@id\":\"https:\\\/\\\/www.samnaz.org\\\/#organization\"},\"alternateName\":\"Viviendo la Gran Comisi\u00f3n\",\"potentialAction\":[{\"@type\":\"SearchAction\",\"target\":{\"@type\":\"EntryPoint\",\"urlTemplate\":\"https:\\\/\\\/www.samnaz.org\\\/?s={search_term_string}\"},\"query-input\":{\"@type\":\"PropertyValueSpecification\",\"valueRequired\":true,\"valueName\":\"search_term_string\"}}],\"inLanguage\":\"pt-BR\"},{\"@type\":\"Organization\",\"@id\":\"https:\\\/\\\/www.samnaz.org\\\/#organization\",\"name\":\"Iglesia del Nazareno Am\u00e9rica del Sur\",\"url\":\"https:\\\/\\\/www.samnaz.org\\\/\",\"logo\":{\"@type\":\"ImageObject\",\"inLanguage\":\"pt-BR\",\"@id\":\"https:\\\/\\\/www.samnaz.org\\\/#\\\/schema\\\/logo\\\/image\\\/\",\"url\":\"https:\\\/\\\/www.samnaz.org\\\/wp-content\\\/uploads\\\/2021\\\/04\\\/Logo-3-ESP.png\",\"contentUrl\":\"https:\\\/\\\/www.samnaz.org\\\/wp-content\\\/uploads\\\/2021\\\/04\\\/Logo-3-ESP.png\",\"width\":1041,\"height\":780,\"caption\":\"Iglesia del Nazareno Am\u00e9rica del Sur\"},\"image\":{\"@id\":\"https:\\\/\\\/www.samnaz.org\\\/#\\\/schema\\\/logo\\\/image\\\/\"},\"sameAs\":[\"https:\\\/\\\/www.facebook.com\\\/NazarenoEsp\",\"https:\\\/\\\/www.instagram.com\\\/nazarenoesp\\\/\"],\"publishingPrinciples\":\"https:\\\/\\\/www.samnaz.org\\\/\"},{\"@type\":\"Person\",\"@id\":\"https:\\\/\\\/www.samnaz.org\\\/#\\\/schema\\\/person\\\/c09d1131c49ba510c7e1cbb677b39927\",\"name\":\"Samnaz\",\"image\":{\"@type\":\"ImageObject\",\"inLanguage\":\"pt-BR\",\"@id\":\"https:\\\/\\\/secure.gravatar.com\\\/avatar\\\/a5baaf0e270319d09c0efce6a9dd03ff93175913c70afe26595c0069c83fa6dc?s=96&d=mm&r=g\",\"url\":\"https:\\\/\\\/secure.gravatar.com\\\/avatar\\\/a5baaf0e270319d09c0efce6a9dd03ff93175913c70afe26595c0069c83fa6dc?s=96&d=mm&r=g\",\"contentUrl\":\"https:\\\/\\\/secure.gravatar.com\\\/avatar\\\/a5baaf0e270319d09c0efce6a9dd03ff93175913c70afe26595c0069c83fa6dc?s=96&d=mm&r=g\",\"caption\":\"Samnaz\"}}]}<\/script>\n<!-- \/ Yoast SEO Premium plugin. -->","yoast_head_json":{"title":"Distrito El Alto Noroeste celebra su 20\u00aa Asamblea Distrital y elige nuevo Superintendente Distrital | Iglesia del Nazareno Am\u00e9rica del Sur","description":"Noticia","robots":{"index":"noindex","follow":"follow"},"og_locale":"pt_BR","og_type":"article","og_title":"Distrito El Alto Noroeste celebra su 20\u00aa Asamblea Distrital y elige nuevo Superintendente Distrital | Iglesia del Nazareno Am\u00e9rica del Sur","og_description":"Noticia","og_url":"https:\/\/www.samnaz.org\/pt\/distrito-el-alto-noroeste-celebra-su-20a-asamblea-distrital-y-elige-nuevo-superintendente-distrital\/","og_site_name":"Iglesia del Nazareno Am\u00e9rica del Sur","article_publisher":"https:\/\/www.facebook.com\/NazarenoEsp","article_published_time":"2026-01-29T19:42:54+00:00","article_modified_time":"2026-01-29T20:02:14+00:00","og_image":[{"width":1920,"height":1080,"url":"https:\/\/www.samnaz.org\/wp-content\/uploads\/2026\/01\/IMG_6819-1.jpg","type":"image\/jpeg"}],"author":"Samnaz","twitter_card":"summary_large_image","twitter_misc":{"Escrito por":"Samnaz","Est. tempo de leitura":"7 minutos"},"schema":{"@context":"https:\/\/schema.org","@graph":[{"@type":"Article","@id":"https:\/\/www.samnaz.org\/distrito-el-alto-noroeste-celebra-su-20a-asamblea-distrital-y-elige-nuevo-superintendente-distrital\/#article","isPartOf":{"@id":"https:\/\/www.samnaz.org\/distrito-el-alto-noroeste-celebra-su-20a-asamblea-distrital-y-elige-nuevo-superintendente-distrital\/"},"author":{"name":"Samnaz","@id":"https:\/\/www.samnaz.org\/#\/schema\/person\/c09d1131c49ba510c7e1cbb677b39927"},"headline":"Distrito El Alto Noroeste celebra su 20\u00aa Asamblea Distrital y elige nuevo Superintendente Distrital","datePublished":"2026-01-29T19:42:54+00:00","dateModified":"2026-01-29T20:02:14+00:00","mainEntityOfPage":{"@id":"https:\/\/www.samnaz.org\/distrito-el-alto-noroeste-celebra-su-20a-asamblea-distrital-y-elige-nuevo-superintendente-distrital\/"},"wordCount":297,"commentCount":0,"publisher":{"@id":"https:\/\/www.samnaz.org\/#organization"},"image":{"@id":"https:\/\/www.samnaz.org\/distrito-el-alto-noroeste-celebra-su-20a-asamblea-distrital-y-elige-nuevo-superintendente-distrital\/#primaryimage"},"thumbnailUrl":"https:\/\/www.samnaz.org\/wp-content\/uploads\/2026\/01\/IMG_6819-1.jpg","articleSection":["Am\u00e9rica del Sur","Bolivia","Desarrollo de la Iglesia","Noticia"],"inLanguage":"pt-BR","potentialAction":[{"@type":"CommentAction","name":"Comment","target":["https:\/\/www.samnaz.org\/distrito-el-alto-noroeste-celebra-su-20a-asamblea-distrital-y-elige-nuevo-superintendente-distrital\/#respond"]}]},{"@type":"WebPage","@id":"https:\/\/www.samnaz.org\/distrito-el-alto-noroeste-celebra-su-20a-asamblea-distrital-y-elige-nuevo-superintendente-distrital\/","url":"https:\/\/www.samnaz.org\/distrito-el-alto-noroeste-celebra-su-20a-asamblea-distrital-y-elige-nuevo-superintendente-distrital\/","name":"Distrito El Alto Noroeste celebra su 20\u00aa Asamblea Distrital y elige nuevo Superintendente Distrital | Iglesia del Nazareno Am\u00e9rica del Sur","isPartOf":{"@id":"https:\/\/www.samnaz.org\/#website"},"primaryImageOfPage":{"@id":"https:\/\/www.samnaz.org\/distrito-el-alto-noroeste-celebra-su-20a-asamblea-distrital-y-elige-nuevo-superintendente-distrital\/#primaryimage"},"image":{"@id":"https:\/\/www.samnaz.org\/distrito-el-alto-noroeste-celebra-su-20a-asamblea-distrital-y-elige-nuevo-superintendente-distrital\/#primaryimage"},"thumbnailUrl":"https:\/\/www.samnaz.org\/wp-content\/uploads\/2026\/01\/IMG_6819-1.jpg","datePublished":"2026-01-29T19:42:54+00:00","dateModified":"2026-01-29T20:02:14+00:00","description":"Noticia","inLanguage":"pt-BR","potentialAction":[{"@type":"ReadAction","target":["https:\/\/www.samnaz.org\/distrito-el-alto-noroeste-celebra-su-20a-asamblea-distrital-y-elige-nuevo-superintendente-distrital\/"]}]},{"@type":"ImageObject","inLanguage":"pt-BR","@id":"https:\/\/www.samnaz.org\/distrito-el-alto-noroeste-celebra-su-20a-asamblea-distrital-y-elige-nuevo-superintendente-distrital\/#primaryimage","url":"https:\/\/www.samnaz.org\/wp-content\/uploads\/2026\/01\/IMG_6819-1.jpg","contentUrl":"https:\/\/www.samnaz.org\/wp-content\/uploads\/2026\/01\/IMG_6819-1.jpg","width":1920,"height":1080},{"@type":"WebSite","@id":"https:\/\/www.samnaz.org\/#website","url":"https:\/\/www.samnaz.org\/","name":"Haciendo Disc\u00edpulos Semejantes a Cristo en las naciones","description":"Haciendo disc\u00edpulos semejantes a Cristo en las Naciones","publisher":{"@id":"https:\/\/www.samnaz.org\/#organization"},"alternateName":"Viviendo la Gran Comisi\u00f3n","potentialAction":[{"@type":"SearchAction","target":{"@type":"EntryPoint","urlTemplate":"https:\/\/www.samnaz.org\/?s={search_term_string}"},"query-input":{"@type":"PropertyValueSpecification","valueRequired":true,"valueName":"search_term_string"}}],"inLanguage":"pt-BR"},{"@type":"Organization","@id":"https:\/\/www.samnaz.org\/#organization","name":"Iglesia del Nazareno Am\u00e9rica del Sur","url":"https:\/\/www.samnaz.org\/","logo":{"@type":"ImageObject","inLanguage":"pt-BR","@id":"https:\/\/www.samnaz.org\/#\/schema\/logo\/image\/","url":"https:\/\/www.samnaz.org\/wp-content\/uploads\/2021\/04\/Logo-3-ESP.png","contentUrl":"https:\/\/www.samnaz.org\/wp-content\/uploads\/2021\/04\/Logo-3-ESP.png","width":1041,"height":780,"caption":"Iglesia del Nazareno Am\u00e9rica del Sur"},"image":{"@id":"https:\/\/www.samnaz.org\/#\/schema\/logo\/image\/"},"sameAs":["https:\/\/www.facebook.com\/NazarenoEsp","https:\/\/www.instagram.com\/nazarenoesp\/"],"publishingPrinciples":"https:\/\/www.samnaz.org\/"},{"@type":"Person","@id":"https:\/\/www.samnaz.org\/#\/schema\/person\/c09d1131c49ba510c7e1cbb677b39927","name":"Samnaz","image":{"@type":"ImageObject","inLanguage":"pt-BR","@id":"https:\/\/secure.gravatar.com\/avatar\/a5baaf0e270319d09c0efce6a9dd03ff93175913c70afe26595c0069c83fa6dc?s=96&d=mm&r=g","url":"https:\/\/secure.gravatar.com\/avatar\/a5baaf0e270319d09c0efce6a9dd03ff93175913c70afe26595c0069c83fa6dc?s=96&d=mm&r=g","contentUrl":"https:\/\/secure.gravatar.com\/avatar\/a5baaf0e270319d09c0efce6a9dd03ff93175913c70afe26595c0069c83fa6dc?s=96&d=mm&r=g","caption":"Samnaz"}}]}},"_links":{"self":[{"href":"https:\/\/www.samnaz.org\/pt\/wp-json\/wp\/v2\/posts\/50544","targetHints":{"allow":["GET"]}}],"collection":[{"href":"https:\/\/www.samnaz.org\/pt\/wp-json\/wp\/v2\/posts"}],"about":[{"href":"https:\/\/www.samnaz.org\/pt\/wp-json\/wp\/v2\/types\/post"}],"author":[{"embeddable":true,"href":"https:\/\/www.samnaz.org\/pt\/wp-json\/wp\/v2\/users\/4"}],"replies":[{"embeddable":true,"href":"https:\/\/www.samnaz.org\/pt\/wp-json\/wp\/v2\/comments?post=50544"}],"version-history":[{"count":4,"href":"https:\/\/www.samnaz.org\/pt\/wp-json\/wp\/v2\/posts\/50544\/revisions"}],"predecessor-version":[{"id":50572,"href":"https:\/\/www.samnaz.org\/pt\/wp-json\/wp\/v2\/posts\/50544\/revisions\/50572"}],"wp:featuredmedia":[{"embeddable":true,"href":"https:\/\/www.samnaz.org\/pt\/wp-json\/wp\/v2\/media\/50556"}],"wp:attachment":[{"href":"https:\/\/www.samnaz.org\/pt\/wp-json\/wp\/v2\/media?parent=50544"}],"wp:term":[{"taxonomy":"category","embeddable":true,"href":"https:\/\/www.samnaz.org\/pt\/wp-json\/wp\/v2\/categories?post=50544"},{"taxonomy":"post_tag","embeddable":true,"href":"https:\/\/www.samnaz.org\/pt\/wp-json\/wp\/v2\/tags?post=50544"}],"curies":[{"name":"wp","href":"https:\/\/api.w.org\/{rel}","templated":true}]}}