{"id":50580,"date":"2026-01-30T11:11:13","date_gmt":"2026-01-30T14:11:13","guid":{"rendered":"https:\/\/www.samnaz.org\/?p=50580"},"modified":"2026-02-10T16:10:23","modified_gmt":"2026-02-10T19:10:23","slug":"un-avivamiento-que-se-extiende-por-la-patagonia-norte","status":"publish","type":"post","link":"https:\/\/www.samnaz.org\/pt\/un-avivamiento-que-se-extiende-por-la-patagonia-norte\/","title":{"rendered":"Un avivamiento que se extiende por la Patagonia Norte"},"content":{"rendered":"<p>[et_pb_section fb_built=\u00bb1&#8243; _builder_version=\u00bb4.16&#8243; _module_preset=\u00bbdefault\u00bb custom_padding=\u00bb0px||||false|false\u00bb global_colors_info=\u00bb{}\u00bb][et_pb_row disabled_on=\u00bbon|on|on\u00bb _builder_version=\u00bb4.16&#8243; _module_preset=\u00bbdefault\u00bb disabled=\u00bbon\u00bb global_colors_info=\u00bb{}\u00bb][et_pb_column type=\u00bb4_4&#8243; _builder_version=\u00bb4.16&#8243; _module_preset=\u00bbdefault\u00bb global_colors_info=\u00bb{}\u00bb][et_pb_text disabled_on=\u00bboff|off|off\u00bb _builder_version=\u00bb4.16&#8243; _module_preset=\u00bbdefault\u00bb text_text_color=\u00bb#0C71C3&#8243; text_font_size=\u00bb23px\u00bb text_orientation=\u00bbcenter\u00bb global_colors_info=\u00bb{}\u00bb]<\/p>\n<p>CONTENIDO EN ESPA\u00d1OL<\/p>\n<p>[\/et_pb_text][\/et_pb_column][\/et_pb_row][et_pb_row module_class=\u00bbespanol\u00bb _builder_version=\u00bb4.16&#8243; _module_preset=\u00bbdefault\u00bb width=\u00bb100%\u00bb global_colors_info=\u00bb{}\u00bb][et_pb_column type=\u00bb4_4&#8243; module_class=\u00bbcolLeft\u00bb _builder_version=\u00bb4.16&#8243; _module_preset=\u00bbdefault\u00bb custom_padding=\u00bb|50px|||false|false\u00bb custom_padding_tablet=\u00bb|20px||20px|false|true\u00bb custom_padding_phone=\u00bb\u00bb custom_padding_last_edited=\u00bbon|phone\u00bb border_color_all=\u00bb#e0e0e0&#8243; border_width_right_tablet=\u00bb0px\u00bb border_width_right_phone=\u00bb0px\u00bb border_width_right_last_edited=\u00bbon|desktop\u00bb global_colors_info=\u00bb{}\u00bb][et_pb_code admin_label=\u00bbCode\u00bb _builder_version=\u00bb4.16&#8243; _module_preset=\u00bbdefault\u00bb background_enable_color=\u00bboff\u00bb positioning=\u00bbabsolute\u00bb position_origin_a=\u00bbtop_right\u00bb vertical_offset=\u00bb10px\u00bb horizontal_offset=\u00bb50px\u00bb z_index=\u00bb137&#8243; vertical_offset_tablet=\u00bb\u00bb vertical_offset_phone=\u00bb-45px\u00bb vertical_offset_last_edited=\u00bbon|phone\u00bb horizontal_offset_tablet=\u00bb20px\u00bb horizontal_offset_phone=\u00bb\u00bb horizontal_offset_last_edited=\u00bbon|phone\u00bb position_origin_a_tablet=\u00bb\u00bb position_origin_a_phone=\u00bb\u00bb position_origin_a_last_edited=\u00bbon|desktop\u00bb position_origin_f_tablet=\u00bb\u00bb position_origin_f_phone=\u00bb\u00bb position_origin_f_last_edited=\u00bbon|desktop\u00bb position_origin_r_tablet=\u00bb\u00bb position_origin_r_phone=\u00bb\u00bb position_origin_r_last_edited=\u00bbon|desktop\u00bb text_orientation=\u00bbright\u00bb width=\u00bb160px\u00bb height=\u00bb30px\u00bb positioning_tablet=\u00bb\u00bb positioning_phone=\u00bb\u00bb positioning_last_edited=\u00bbon|desktop\u00bb global_colors_info=\u00bb{}\u00bb]<!-- AddToAny BEGIN --><!-- [et_pb_line_break_holder] --><a class=\"a2a_dd\" href=\"https:\/\/www.addtoany.com\/share\" style=\"background: black;<!-- [et_pb_line_break_holder] -->    font-size: 18px;<!-- [et_pb_line_break_holder] -->    color: white;<!-- [et_pb_line_break_holder] -->    padding: 10px;text-transform: uppercase;\u00bb><!-- [et_pb_line_break_holder] -->  <svg style=\"width: 20px;\" aria-hidden=\"true\" focusable=\"false\" data-prefix=\"fas\" data-icon=\"share-square\" role=\"img\" xmlns=\"http:\/\/www.w3.org\/2000\/svg\" viewbox=\"0 0 576 512\" data-fa-i2svg=\"\"><path fill=\"currentColor\" d=\"M568.482 177.448L424.479 313.433C409.3 327.768 384 317.14 384 295.985v-71.963c-144.575.97-205.566 35.113-164.775 171.353 4.483 14.973-12.846 26.567-25.006 17.33C155.252 383.105 120 326.488 120 269.339c0-143.937 117.599-172.5 264-173.312V24.012c0-21.174 25.317-31.768 40.479-17.448l144.003 135.988c10.02 9.463 10.028 25.425 0 34.896zM384 379.128V448H64V128h50.916a11.99 11.99 0 0 0 8.648-3.693c14.953-15.568 32.237-27.89 51.014-37.676C185.708 80.83 181.584 64 169.033 64H48C21.49 64 0 85.49 0 112v352c0 26.51 21.49 48 48 48h352c26.51 0 48-21.49 48-48v-88.806c0-8.288-8.197-14.066-16.011-11.302a71.83 71.83 0 0 1-34.189 3.377c-7.27-1.046-13.8 4.514-13.8 11.859z\"><\/path><\/svg><!-- [et_pb_line_break_holder] -->  COMPARTILHAR<!-- [et_pb_line_break_holder] --><\/a><!-- [et_pb_line_break_holder] --><script async src=\"https:\/\/static.addtoany.com\/menu\/page.js\"><\/script><!-- [et_pb_line_break_holder] --><!-- AddToAny END -->[\/et_pb_code][et_pb_text _builder_version=\u00bb4.27.5&#8243; _module_preset=\u00bbdefault\u00bb text_font=\u00bb|700|||||||\u00bb text_font_size=\u00bb25px\u00bb width=\u00bb78%\u00bb width_tablet=\u00bb\u00bb width_phone=\u00bb100%\u00bb width_last_edited=\u00bbon|phone\u00bb custom_margin=\u00bb||5px|||\u00bb global_colors_info=\u00bb{}\u00bb]<\/p>\n<p class=\"p1\">Un avivamiento que se extiende por la Patagonia Norte<\/p>\n<p>[\/et_pb_text][et_pb_post_title title=\u00bboff\u00bb comments=\u00bboff\u00bb module_class=\u00bbtituloNoti\u00bb _builder_version=\u00bb4.16&#8243; _module_preset=\u00bbdefault\u00bb width_tablet=\u00bb\u00bb width_phone=\u00bb\u00bb width_last_edited=\u00bbon|phone\u00bb custom_padding=\u00bb|0px|||false|false\u00bb custom_padding_tablet=\u00bb|0px|||false|false\u00bb custom_padding_phone=\u00bb|0px|||false|false\u00bb custom_padding_last_edited=\u00bbon|phone\u00bb border_color_right=\u00bb#e8e8e8&#8243; border_width_right_tablet=\u00bb0px\u00bb border_width_right_phone=\u00bb\u00bb border_width_right_last_edited=\u00bbon|desktop\u00bb global_colors_info=\u00bb{}\u00bb][\/et_pb_post_title][et_pb_text _builder_version=\u00bb4.27.5&#8243; _module_preset=\u00bbdefault\u00bb text_font_size=\u00bb17px\u00bb global_colors_info=\u00bb{}\u00bb]<\/p>\n<p style=\"margin: 0cm 0cm 15pt; text-align: justify;\"><b><span style=\"font-family: 'Arial',sans-serif; color: black;\">(CNAS Argentina) <\/span><\/b>En los \u00faltimos a\u00f1os, el Distrito Patagonia Norte de la Iglesia del Nazareno en Argentina est\u00e1 viviendo un tiempo especial de avivamiento y expansi\u00f3n misionera, marcado por un fuerte impulso en la plantaci\u00f3n de nuevas iglesias y el establecimiento de Misiones Tipo Iglesia (MTI) en diversas ciudades de la Patagonia argentina.<\/p>\n<p class=\"p1\">Este mover de Dios se manifiesta en el fortalecimiento del discipulado, la formaci\u00f3n de nuevos l\u00edderes y un creciente movimiento de plantaci\u00f3n y pastoreo de iglesias, liderado principalmente por pastores j\u00f3venes. Este proceso est\u00e1 asegurando la continuidad y el desarrollo del trabajo nazareno en una regi\u00f3n estrat\u00e9gica del pa\u00eds, donde el evangelio sigue abriendo camino.<\/p>\n<p class=\"p1\">Bajo el liderazgo del Superintendente Distrital, Dr. Eduardo Mart\u00ednez, y con el compromiso activo de los pastores de cada iglesia local, el distrito ha logrado formar, enviar y acompa\u00f1ar a l\u00edderes que hoy sirven tanto en nuevas misiones como en iglesias organizadas que requer\u00edan pastoreo. Este trabajo en unidad ha sido clave para el crecimiento sostenido que actualmente se evidencia en toda la Patagonia Norte.<\/p>\n<p class=\"p1\">En la actualidad, el distrito cuenta con ocho misiones activas ubicadas en General Roca, Villa La Angostura, El Choc\u00f3n, Zapala, Senillosa, Allen, Chos Malal y Loncopu\u00e9. Adem\u00e1s, ya se est\u00e1n proyectando nuevas misiones en localidades como Paim\u00fan, Dina Huapi, El Hoyo, Villa Llanqu\u00edn, Osorno, Puerto Manzano y Villa Traful, entre otras, reflejando una visi\u00f3n clara de expansi\u00f3n y alcance misionero.<\/p>\n<p class=\"p1\">El Distrito Patagonia Norte est\u00e1 conformado por 20 iglesias organizadas y cuenta con el servicio de dos misioneros: el Rev. Edivaldo J\u00fanior y la Pra. Cinthia Galvan, quienes trabajan activamente en la plantaci\u00f3n de iglesias, el desarrollo de ministerios y la formaci\u00f3n de nuevos l\u00edderes en todo el distrito. De manera constante, se ha invertido en la capacitaci\u00f3n ministerial, enviando cada a\u00f1o nuevos pastores a ciudades donde no existe presencia nazarena, muchas de ellas estrat\u00e9gicas para el avance del Reino de Dios en la regi\u00f3n.<\/p>\n<p class=\"p1\">Seg\u00fan el misionero Edivaldo J\u00fanior, uno de los factores que favoreci\u00f3 el crecimiento de las misiones nazarenas en la Patagonia fue la creaci\u00f3n de un grupo de trabajo durante la Conferencia Regional AME25, realizada en octubre de 2025 en Cali, Colombia. \u201cEn un momento informal, mientras compart\u00edamos el almuerzo con pastores de distintas misiones, decidimos unirnos para compartir experiencias y apoyarnos mutuamente. El resultado fue un fortalecimiento claro de las misiones, mayor visibilidad en las redes sociales y en las iglesias locales, y un proceso de multiplicaci\u00f3n que hoy celebramos con gratitud\u201d, expres\u00f3.<\/p>\n<p class=\"p1\">Una muestra concreta de este avivamiento es la MTI en General Roca, pastoreada por Luciano Filumil y Katherin Mora. Enviados desde la Iglesia del Nazareno Gracias Se\u00f1or, en la ciudad de Neuqu\u00e9n, respondieron al llamado de Dios aun sin contar inicialmente con un lugar propio para reunirse. Comenzaron como un peque\u00f1o grupo familiar, luego se trasladaron a un patio y actualmente viven un tiempo de expansi\u00f3n, prepar\u00e1ndose para iniciar sus reuniones en una carpa con mayor capacidad, mientras avanzan en el proceso de organizaci\u00f3n para la compra de un terreno.<\/p>\n<p class=\"p1\">Un aspecto destacado de esta misi\u00f3n es que ha sido plantada y sostenida por un grupo de j\u00f3venes de la iglesia enviadora, quienes cada domingo viajan a General Roca para organizar los cultos y desarrollar tareas de evangelismo. Su compromiso refleja c\u00f3mo una nueva generaci\u00f3n est\u00e1 respondiendo con pasi\u00f3n y entrega al llamado misionero.<\/p>\n<p class=\"p1\">Sin duda, el Distrito Patagonia Norte atraviesa un tiempo especial, donde el avivamiento se traduce en acci\u00f3n, env\u00edo y multiplicaci\u00f3n, reafirmando el llamado de la Iglesia del Nazareno a llevar el evangelio de santidad a cada rinc\u00f3n de la Patagonia.<\/p>\n<p style=\"margin: 0cm 0cm 15pt; text-align: justify;\"><b><i><span style=\"font-family: 'Arial',sans-serif; color: black;\">Fonte <\/span><\/i><\/b><i><span style=\"font-family: 'Arial',sans-serif; color: black;\">Iglesia del Nazareno \u2013 Argentina.<\/span><\/i><\/p>\n<p>[\/et_pb_text][\/et_pb_column][\/et_pb_row][et_pb_row disabled_on=\u00bbon|on|on\u00bb _builder_version=\u00bb4.16&#8243; _module_preset=\u00bbdefault\u00bb disabled=\u00bbon\u00bb global_colors_info=\u00bb{}\u00bb][et_pb_column type=\u00bb4_4&#8243; _builder_version=\u00bb4.16&#8243; _module_preset=\u00bbdefault\u00bb global_colors_info=\u00bb{}\u00bb][et_pb_text disabled_on=\u00bboff|off|off\u00bb _builder_version=\u00bb4.16&#8243; _module_preset=\u00bbdefault\u00bb text_text_color=\u00bb#0C71C3&#8243; text_font_size=\u00bb23px\u00bb text_orientation=\u00bbcenter\u00bb global_colors_info=\u00bb{}\u00bb]<\/p>\n<p>CONTENIDO EN PORTUGUES<\/p>\n<p>[\/et_pb_text][\/et_pb_column][\/et_pb_row][et_pb_row module_class=\u00bbportugues\u00bb _builder_version=\u00bb4.16&#8243; _module_preset=\u00bbdefault\u00bb width=\u00bb100%\u00bb global_colors_info=\u00bb{}\u00bb][et_pb_column type=\u00bb4_4&#8243; module_class=\u00bbcolLeft\u00bb _builder_version=\u00bb4.16&#8243; _module_preset=\u00bbdefault\u00bb custom_padding=\u00bb|50px|||false|false\u00bb custom_padding_tablet=\u00bb|20px||20px|false|true\u00bb custom_padding_phone=\u00bb\u00bb custom_padding_last_edited=\u00bbon|phone\u00bb border_color_all=\u00bb#e0e0e0&#8243; border_width_right_tablet=\u00bb0px\u00bb border_width_right_phone=\u00bb0px\u00bb border_width_right_last_edited=\u00bbon|desktop\u00bb global_colors_info=\u00bb{}\u00bb][et_pb_code admin_label=\u00bbCode\u00bb _builder_version=\u00bb4.16&#8243; _module_preset=\u00bbdefault\u00bb background_enable_color=\u00bboff\u00bb positioning=\u00bbabsolute\u00bb position_origin_a=\u00bbtop_right\u00bb vertical_offset=\u00bb10px\u00bb horizontal_offset=\u00bb50px\u00bb z_index=\u00bb137&#8243; vertical_offset_tablet=\u00bb\u00bb vertical_offset_phone=\u00bb-45px\u00bb vertical_offset_last_edited=\u00bbon|phone\u00bb horizontal_offset_tablet=\u00bb20px\u00bb horizontal_offset_phone=\u00bb\u00bb horizontal_offset_last_edited=\u00bbon|phone\u00bb position_origin_a_tablet=\u00bb\u00bb position_origin_a_phone=\u00bb\u00bb position_origin_a_last_edited=\u00bbon|desktop\u00bb position_origin_f_tablet=\u00bb\u00bb position_origin_f_phone=\u00bb\u00bb position_origin_f_last_edited=\u00bbon|desktop\u00bb position_origin_r_tablet=\u00bb\u00bb position_origin_r_phone=\u00bb\u00bb position_origin_r_last_edited=\u00bbon|desktop\u00bb text_orientation=\u00bbright\u00bb width=\u00bb190px\u00bb height=\u00bb30px\u00bb positioning_tablet=\u00bb\u00bb positioning_phone=\u00bb\u00bb positioning_last_edited=\u00bbon|desktop\u00bb global_colors_info=\u00bb{}\u00bb]<!-- AddToAny BEGIN --><!-- [et_pb_line_break_holder] --><a class=\"a2a_dd\" href=\"https:\/\/www.addtoany.com\/share\" style=\"background: black;<!-- [et_pb_line_break_holder] -->    font-size: 18px;<!-- [et_pb_line_break_holder] -->    color: white;<!-- [et_pb_line_break_holder] -->    padding: 10px;text-transform: uppercase;\u00bb><!-- [et_pb_line_break_holder] -->  <svg style=\"width: 20px;\" aria-hidden=\"true\" focusable=\"false\" data-prefix=\"fas\" data-icon=\"share-square\" role=\"img\" xmlns=\"http:\/\/www.w3.org\/2000\/svg\" viewbox=\"0 0 576 512\" data-fa-i2svg=\"\"><path fill=\"currentColor\" d=\"M568.482 177.448L424.479 313.433C409.3 327.768 384 317.14 384 295.985v-71.963c-144.575.97-205.566 35.113-164.775 171.353 4.483 14.973-12.846 26.567-25.006 17.33C155.252 383.105 120 326.488 120 269.339c0-143.937 117.599-172.5 264-173.312V24.012c0-21.174 25.317-31.768 40.479-17.448l144.003 135.988c10.02 9.463 10.028 25.425 0 34.896zM384 379.128V448H64V128h50.916a11.99 11.99 0 0 0 8.648-3.693c14.953-15.568 32.237-27.89 51.014-37.676C185.708 80.83 181.584 64 169.033 64H48C21.49 64 0 85.49 0 112v352c0 26.51 21.49 48 48 48h352c26.51 0 48-21.49 48-48v-88.806c0-8.288-8.197-14.066-16.011-11.302a71.83 71.83 0 0 1-34.189 3.377c-7.27-1.046-13.8 4.514-13.8 11.859z\"><\/path><\/svg><!-- [et_pb_line_break_holder] -->  Compartilhar<!-- [et_pb_line_break_holder] --><\/a><!-- [et_pb_line_break_holder] --><script async src=\"https:\/\/static.addtoany.com\/menu\/page.js\"><\/script><!-- [et_pb_line_break_holder] --><!-- AddToAny END -->[\/et_pb_code][et_pb_text _builder_version=\u00bb4.27.5&#8243; _module_preset=\u00bbdefault\u00bb text_font=\u00bb|700|||||||\u00bb text_font_size=\u00bb25px\u00bb width=\u00bb78%\u00bb width_tablet=\u00bb\u00bb width_phone=\u00bb100%\u00bb width_last_edited=\u00bbon|phone\u00bb custom_margin=\u00bb||5px|||\u00bb global_colors_info=\u00bb{}\u00bb]<\/p>\n<p class=\"p1\">Um avivamento que se estende pela Patag\u00f4nia Norte<\/p>\n<p>[\/et_pb_text][et_pb_post_title title=\u00bboff\u00bb comments=\u00bboff\u00bb module_class=\u00bbtituloNoti\u00bb _builder_version=\u00bb4.16&#8243; _module_preset=\u00bbdefault\u00bb width_tablet=\u00bb\u00bb width_phone=\u00bb\u00bb width_last_edited=\u00bbon|phone\u00bb custom_padding=\u00bb|0px|||false|false\u00bb custom_padding_tablet=\u00bb|0px|||false|false\u00bb custom_padding_phone=\u00bb|0px|||false|false\u00bb custom_padding_last_edited=\u00bbon|phone\u00bb border_color_right=\u00bb#e8e8e8&#8243; border_width_right_tablet=\u00bb0px\u00bb border_width_right_phone=\u00bb\u00bb border_width_right_last_edited=\u00bbon|desktop\u00bb global_colors_info=\u00bb{}\u00bb][\/et_pb_post_title][et_pb_text _builder_version=\u00bb4.27.5&#8243; _module_preset=\u00bbdefault\u00bb text_font_size=\u00bb17px\u00bb global_colors_info=\u00bb{}\u00bb]<\/p>\n<p style=\"text-align: justify;\"><strong>(CNAS Argentina) <\/strong>Nos \u00faltimos anos, o Distrito Patag\u00f4nia Norte da Igreja do Nazareno na Argentina tem vivido um tempo especial de avivamento e expans\u00e3o mission\u00e1ria, marcado por um forte impulso na planta\u00e7\u00e3o de novas igrejas e no estabelecimento de Miss\u00f5es Tipo Igreja (MTI) em diversas cidades da Patag\u00f4nia argentina.<\/p>\n<p class=\"p1\">Esse mover de Deus se manifesta no fortalecimento do discipulado, na forma\u00e7\u00e3o de novos l\u00edderes e em um crescente movimento de planta\u00e7\u00e3o e pastoreio de igrejas, liderado principalmente por pastores jovens. Esse processo tem assegurado a continuidade e o desenvolvimento do trabalho nazareno em uma regi\u00e3o estrat\u00e9gica do pa\u00eds, onde o evangelho continua abrindo caminho.<\/p>\n<p class=\"p1\">Sob a lideran\u00e7a do Superintendente Distrital, Dr. Eduardo Mart\u00ednez, e com o compromisso ativo dos pastores de cada igreja local, o distrito tem conseguido formar, enviar e acompanhar l\u00edderes que hoje servem tanto em novas miss\u00f5es quanto em igrejas organizadas que necessitavam de pastoreio. Esse trabalho em unidade tem sido fundamental para o crescimento sustent\u00e1vel que atualmente se evidencia em toda a Patag\u00f4nia Norte.<\/p>\n<p class=\"p1\">Atualmente, o distrito conta com oito miss\u00f5es ativas, localizadas em General Roca, Villa La Angostura, El Choc\u00f3n, Zapala, Senillosa, Allen, Chos Malal e Loncopu\u00e9. Al\u00e9m disso, j\u00e1 est\u00e3o sendo projetadas novas miss\u00f5es em localidades como Paim\u00fan, Dina Huapi, El Hoyo, Villa Llanqu\u00edn, Osorno, Puerto Manzano e Villa Traful, entre outras, refletindo uma vis\u00e3o clara de expans\u00e3o e alcance mission\u00e1rio.<\/p>\n<p class=\"p1\">O Distrito Patag\u00f4nia Norte \u00e9 composto por 20 igrejas organizadas e conta com o servi\u00e7o de dois mission\u00e1rios: o Rev. Edivaldo J\u00fanior e a Pra. Cinthia Galvan, que atuam ativamente na planta\u00e7\u00e3o de igrejas, no desenvolvimento de minist\u00e9rios e na forma\u00e7\u00e3o de novos l\u00edderes em todo o distrito. De forma constante, tem havido um forte investimento na capacita\u00e7\u00e3o ministerial, enviando a cada ano novos pastores para cidades onde ainda n\u00e3o existe presen\u00e7a nazarena, muitas delas estrat\u00e9gicas para o avan\u00e7o do Reino de Deus na regi\u00e3o.<\/p>\n<p class=\"p1\">Segundo o mission\u00e1rio Edivaldo J\u00fanior, um dos fatores que contribu\u00edram para o crescimento das miss\u00f5es nazarenas na Patag\u00f4nia foi a cria\u00e7\u00e3o de um grupo de trabalho durante a Confer\u00eancia Regional AME25, realizada em outubro de 2025 em Cali, Col\u00f4mbia. \u201cEm um momento informal, enquanto compartilh\u00e1vamos o almo\u00e7o com pastores de diferentes miss\u00f5es, decidimos nos unir para trocar experi\u00eancias e nos apoiar mutuamente. O resultado foi um claro fortalecimento das miss\u00f5es, maior visibilidade nas redes sociais e nas igrejas locais, e um processo de multiplica\u00e7\u00e3o que hoje celebramos com gratid\u00e3o\u201d, afirmou.<\/p>\n<p class=\"p1\">Um exemplo concreto desse avivamento \u00e9 a MTI em General Roca, pastoreada por Luciano Filumil e Katherin Mora. Enviados pela Igreja do Nazareno Gra\u00e7as Senhor, na cidade de Neuqu\u00e9n, eles responderam ao chamado de Deus mesmo sem, inicialmente, contar com um local pr\u00f3prio para as reuni\u00f5es. Come\u00e7aram como um pequeno grupo familiar, depois se reuniram em um p\u00e1tio e atualmente vivem um tempo de expans\u00e3o, preparando-se para iniciar seus cultos em uma tenda com maior capacidade, enquanto avan\u00e7am no processo de organiza\u00e7\u00e3o para a aquisi\u00e7\u00e3o de um terreno.<\/p>\n<p class=\"p1\">Um aspecto marcante dessa miss\u00e3o \u00e9 que ela foi plantada e sustentada por um grupo de jovens da igreja enviadora, que todos os domingos viajam a General Roca para organizar os cultos e desenvolver a\u00e7\u00f5es de evangelismo. Seu compromisso reflete como uma nova gera\u00e7\u00e3o est\u00e1 respondendo com paix\u00e3o e dedica\u00e7\u00e3o ao chamado mission\u00e1rio.<\/p>\n<p class=\"p1\">Sem d\u00favida, o Distrito Patag\u00f4nia Norte atravessa um tempo especial, em que o avivamento se traduz em a\u00e7\u00e3o, envio e multiplica\u00e7\u00e3o, reafirmando o chamado da Igreja do Nazareno para levar o evangelho de santidade a cada canto da Patag\u00f4nia.<\/p>\n<p style=\"text-align: justify;\"><strong><em>Fonte: <\/em><\/strong><em>Igreja do Nazareno \u2013 Argentina.<\/em><\/p>\n<p>[\/et_pb_text][\/et_pb_column][\/et_pb_row][et_pb_row _builder_version=\u00bb4.16&#8243; _module_preset=\u00bbdefault\u00bb width=\u00bb100%\u00bb global_colors_info=\u00bb{}\u00bb][et_pb_column type=\u00bb4_4&#8243; module_class=\u00bbcolLeft\u00bb _builder_version=\u00bb4.16&#8243; _module_preset=\u00bbdefault\u00bb custom_padding=\u00bb|50px|||false|false\u00bb custom_padding_tablet=\u00bb|20px||20px|false|true\u00bb custom_padding_phone=\u00bb\u00bb custom_padding_last_edited=\u00bbon|phone\u00bb border_color_all=\u00bb#e0e0e0&#8243; border_width_right_tablet=\u00bb0px\u00bb border_width_right_phone=\u00bb0px\u00bb border_width_right_last_edited=\u00bbon|desktop\u00bb global_colors_info=\u00bb{}\u00bb][et_pb_gallery gallery_ids=\u00bb50571,50570,50569,50568,50567,50566,50565,50564,50563&#8243; posts_number=\u00bb8&#8243; show_title_and_caption=\u00bboff\u00bb zoom_icon_color=\u00bb#E02B20&#8243; hover_overlay_color=\u00bb#FFFFFF\u00bb hover_icon=\u00bb&#x54;||divi||400&#8243; _builder_version=\u00bb4.27.5&#8243; _module_preset=\u00bbdefault\u00bb title_font_size=\u00bb0px\u00bb width=\u00bb100%\u00bb module_alignment=\u00bbcenter\u00bb global_colors_info=\u00bb{}\u00bb][\/et_pb_gallery][\/et_pb_column][\/et_pb_row][\/et_pb_section]<\/p>\n<span class=\"et_bloom_bottom_trigger\"><\/span>","protected":false},"excerpt":{"rendered":"<p>CONTENIDO EN ESPA\u00d1OL<\/p>","protected":false},"author":4,"featured_media":50567,"comment_status":"open","ping_status":"open","sticky":false,"template":"","format":"standard","meta":{"_et_pb_use_builder":"on","_et_pb_old_content":"","_et_gb_content_width":"","_monsterinsights_skip_tracking":false,"_monsterinsights_sitenote_active":false,"_monsterinsights_sitenote_note":"","_monsterinsights_sitenote_category":0,"_vp_format_video_url":"","_vp_image_focal_point":[],"footnotes":""},"categories":[134,13,235,1],"tags":[],"class_list":["post-50580","post","type-post","status-publish","format-standard","has-post-thumbnail","hentry","category-america-del-sur","category-argentina","category-desarrollo-de-la-iglesia","category-noticia"],"yoast_head":"<!-- This site is optimized with the Yoast SEO Premium plugin v23.6 (Yoast SEO v27.5) - https:\/\/yoast.com\/product\/yoast-seo-premium-wordpress\/ -->\n<title>Un avivamiento que se extiende por la Patagonia Norte | Iglesia del Nazareno Am\u00e9rica del Sur<\/title>\n<meta name=\"description\" content=\"Noticia\" \/>\n<meta name=\"robots\" content=\"noindex, follow\" \/>\n<meta property=\"og:locale\" content=\"pt_BR\" \/>\n<meta property=\"og:type\" content=\"article\" \/>\n<meta property=\"og:title\" content=\"Un avivamiento que se extiende por la Patagonia Norte | Iglesia del Nazareno Am\u00e9rica del Sur\" \/>\n<meta property=\"og:description\" content=\"Noticia\" \/>\n<meta property=\"og:url\" content=\"https:\/\/www.samnaz.org\/pt\/un-avivamiento-que-se-extiende-por-la-patagonia-norte\/\" \/>\n<meta property=\"og:site_name\" content=\"Iglesia del Nazareno Am\u00e9rica del Sur\" \/>\n<meta property=\"article:publisher\" content=\"https:\/\/www.facebook.com\/NazarenoEsp\" \/>\n<meta property=\"article:published_time\" content=\"2026-01-30T14:11:13+00:00\" \/>\n<meta property=\"article:modified_time\" content=\"2026-02-10T19:10:23+00:00\" \/>\n<meta property=\"og:image\" content=\"https:\/\/www.samnaz.org\/wp-content\/uploads\/2026\/01\/WhatsApp-Image-2026-01-29-at-13.16.53-1.jpeg\" \/>\n\t<meta property=\"og:image:width\" content=\"1280\" \/>\n\t<meta property=\"og:image:height\" content=\"1011\" \/>\n\t<meta property=\"og:image:type\" content=\"image\/jpeg\" \/>\n<meta name=\"author\" content=\"Samnaz\" \/>\n<meta name=\"twitter:card\" content=\"summary_large_image\" \/>\n<meta name=\"twitter:label1\" content=\"Escrito por\" \/>\n\t<meta name=\"twitter:data1\" content=\"Samnaz\" \/>\n\t<meta name=\"twitter:label2\" content=\"Est. tempo de leitura\" \/>\n\t<meta name=\"twitter:data2\" content=\"8 minutos\" \/>\n<script type=\"application\/ld+json\" class=\"yoast-schema-graph\">{\"@context\":\"https:\\\/\\\/schema.org\",\"@graph\":[{\"@type\":\"Article\",\"@id\":\"https:\\\/\\\/www.samnaz.org\\\/un-avivamiento-que-se-extiende-por-la-patagonia-norte\\\/#article\",\"isPartOf\":{\"@id\":\"https:\\\/\\\/www.samnaz.org\\\/un-avivamiento-que-se-extiende-por-la-patagonia-norte\\\/\"},\"author\":{\"name\":\"Samnaz\",\"@id\":\"https:\\\/\\\/www.samnaz.org\\\/#\\\/schema\\\/person\\\/c09d1131c49ba510c7e1cbb677b39927\"},\"headline\":\"Un avivamiento que se extiende por la Patagonia Norte\",\"datePublished\":\"2026-01-30T14:11:13+00:00\",\"dateModified\":\"2026-02-10T19:10:23+00:00\",\"mainEntityOfPage\":{\"@id\":\"https:\\\/\\\/www.samnaz.org\\\/un-avivamiento-que-se-extiende-por-la-patagonia-norte\\\/\"},\"wordCount\":293,\"commentCount\":0,\"publisher\":{\"@id\":\"https:\\\/\\\/www.samnaz.org\\\/#organization\"},\"image\":{\"@id\":\"https:\\\/\\\/www.samnaz.org\\\/un-avivamiento-que-se-extiende-por-la-patagonia-norte\\\/#primaryimage\"},\"thumbnailUrl\":\"https:\\\/\\\/www.samnaz.org\\\/wp-content\\\/uploads\\\/2026\\\/01\\\/WhatsApp-Image-2026-01-29-at-13.16.53-1.jpeg\",\"articleSection\":[\"Am\u00e9rica del Sur\",\"Argentina\",\"Desarrollo de la Iglesia\",\"Noticia\"],\"inLanguage\":\"pt-BR\",\"potentialAction\":[{\"@type\":\"CommentAction\",\"name\":\"Comment\",\"target\":[\"https:\\\/\\\/www.samnaz.org\\\/un-avivamiento-que-se-extiende-por-la-patagonia-norte\\\/#respond\"]}]},{\"@type\":\"WebPage\",\"@id\":\"https:\\\/\\\/www.samnaz.org\\\/un-avivamiento-que-se-extiende-por-la-patagonia-norte\\\/\",\"url\":\"https:\\\/\\\/www.samnaz.org\\\/un-avivamiento-que-se-extiende-por-la-patagonia-norte\\\/\",\"name\":\"Un avivamiento que se extiende por la Patagonia Norte | Iglesia del Nazareno Am\u00e9rica del Sur\",\"isPartOf\":{\"@id\":\"https:\\\/\\\/www.samnaz.org\\\/#website\"},\"primaryImageOfPage\":{\"@id\":\"https:\\\/\\\/www.samnaz.org\\\/un-avivamiento-que-se-extiende-por-la-patagonia-norte\\\/#primaryimage\"},\"image\":{\"@id\":\"https:\\\/\\\/www.samnaz.org\\\/un-avivamiento-que-se-extiende-por-la-patagonia-norte\\\/#primaryimage\"},\"thumbnailUrl\":\"https:\\\/\\\/www.samnaz.org\\\/wp-content\\\/uploads\\\/2026\\\/01\\\/WhatsApp-Image-2026-01-29-at-13.16.53-1.jpeg\",\"datePublished\":\"2026-01-30T14:11:13+00:00\",\"dateModified\":\"2026-02-10T19:10:23+00:00\",\"description\":\"Noticia\",\"inLanguage\":\"pt-BR\",\"potentialAction\":[{\"@type\":\"ReadAction\",\"target\":[\"https:\\\/\\\/www.samnaz.org\\\/un-avivamiento-que-se-extiende-por-la-patagonia-norte\\\/\"]}]},{\"@type\":\"ImageObject\",\"inLanguage\":\"pt-BR\",\"@id\":\"https:\\\/\\\/www.samnaz.org\\\/un-avivamiento-que-se-extiende-por-la-patagonia-norte\\\/#primaryimage\",\"url\":\"https:\\\/\\\/www.samnaz.org\\\/wp-content\\\/uploads\\\/2026\\\/01\\\/WhatsApp-Image-2026-01-29-at-13.16.53-1.jpeg\",\"contentUrl\":\"https:\\\/\\\/www.samnaz.org\\\/wp-content\\\/uploads\\\/2026\\\/01\\\/WhatsApp-Image-2026-01-29-at-13.16.53-1.jpeg\",\"width\":1280,\"height\":1011},{\"@type\":\"WebSite\",\"@id\":\"https:\\\/\\\/www.samnaz.org\\\/#website\",\"url\":\"https:\\\/\\\/www.samnaz.org\\\/\",\"name\":\"Haciendo Disc\u00edpulos Semejantes a Cristo en las naciones\",\"description\":\"Haciendo disc\u00edpulos semejantes a Cristo en las Naciones\",\"publisher\":{\"@id\":\"https:\\\/\\\/www.samnaz.org\\\/#organization\"},\"alternateName\":\"Viviendo la Gran Comisi\u00f3n\",\"potentialAction\":[{\"@type\":\"SearchAction\",\"target\":{\"@type\":\"EntryPoint\",\"urlTemplate\":\"https:\\\/\\\/www.samnaz.org\\\/?s={search_term_string}\"},\"query-input\":{\"@type\":\"PropertyValueSpecification\",\"valueRequired\":true,\"valueName\":\"search_term_string\"}}],\"inLanguage\":\"pt-BR\"},{\"@type\":\"Organization\",\"@id\":\"https:\\\/\\\/www.samnaz.org\\\/#organization\",\"name\":\"Iglesia del Nazareno Am\u00e9rica del Sur\",\"url\":\"https:\\\/\\\/www.samnaz.org\\\/\",\"logo\":{\"@type\":\"ImageObject\",\"inLanguage\":\"pt-BR\",\"@id\":\"https:\\\/\\\/www.samnaz.org\\\/#\\\/schema\\\/logo\\\/image\\\/\",\"url\":\"https:\\\/\\\/www.samnaz.org\\\/wp-content\\\/uploads\\\/2021\\\/04\\\/Logo-3-ESP.png\",\"contentUrl\":\"https:\\\/\\\/www.samnaz.org\\\/wp-content\\\/uploads\\\/2021\\\/04\\\/Logo-3-ESP.png\",\"width\":1041,\"height\":780,\"caption\":\"Iglesia del Nazareno Am\u00e9rica del Sur\"},\"image\":{\"@id\":\"https:\\\/\\\/www.samnaz.org\\\/#\\\/schema\\\/logo\\\/image\\\/\"},\"sameAs\":[\"https:\\\/\\\/www.facebook.com\\\/NazarenoEsp\",\"https:\\\/\\\/www.instagram.com\\\/nazarenoesp\\\/\"],\"publishingPrinciples\":\"https:\\\/\\\/www.samnaz.org\\\/\"},{\"@type\":\"Person\",\"@id\":\"https:\\\/\\\/www.samnaz.org\\\/#\\\/schema\\\/person\\\/c09d1131c49ba510c7e1cbb677b39927\",\"name\":\"Samnaz\",\"image\":{\"@type\":\"ImageObject\",\"inLanguage\":\"pt-BR\",\"@id\":\"https:\\\/\\\/secure.gravatar.com\\\/avatar\\\/a5baaf0e270319d09c0efce6a9dd03ff93175913c70afe26595c0069c83fa6dc?s=96&d=mm&r=g\",\"url\":\"https:\\\/\\\/secure.gravatar.com\\\/avatar\\\/a5baaf0e270319d09c0efce6a9dd03ff93175913c70afe26595c0069c83fa6dc?s=96&d=mm&r=g\",\"contentUrl\":\"https:\\\/\\\/secure.gravatar.com\\\/avatar\\\/a5baaf0e270319d09c0efce6a9dd03ff93175913c70afe26595c0069c83fa6dc?s=96&d=mm&r=g\",\"caption\":\"Samnaz\"}}]}<\/script>\n<!-- \/ Yoast SEO Premium plugin. -->","yoast_head_json":{"title":"Un avivamiento que se extiende por la Patagonia Norte | Iglesia del Nazareno Am\u00e9rica del Sur","description":"Noticia","robots":{"index":"noindex","follow":"follow"},"og_locale":"pt_BR","og_type":"article","og_title":"Un avivamiento que se extiende por la Patagonia Norte | Iglesia del Nazareno Am\u00e9rica del Sur","og_description":"Noticia","og_url":"https:\/\/www.samnaz.org\/pt\/un-avivamiento-que-se-extiende-por-la-patagonia-norte\/","og_site_name":"Iglesia del Nazareno Am\u00e9rica del Sur","article_publisher":"https:\/\/www.facebook.com\/NazarenoEsp","article_published_time":"2026-01-30T14:11:13+00:00","article_modified_time":"2026-02-10T19:10:23+00:00","og_image":[{"width":1280,"height":1011,"url":"https:\/\/www.samnaz.org\/wp-content\/uploads\/2026\/01\/WhatsApp-Image-2026-01-29-at-13.16.53-1.jpeg","type":"image\/jpeg"}],"author":"Samnaz","twitter_card":"summary_large_image","twitter_misc":{"Escrito por":"Samnaz","Est. tempo de leitura":"8 minutos"},"schema":{"@context":"https:\/\/schema.org","@graph":[{"@type":"Article","@id":"https:\/\/www.samnaz.org\/un-avivamiento-que-se-extiende-por-la-patagonia-norte\/#article","isPartOf":{"@id":"https:\/\/www.samnaz.org\/un-avivamiento-que-se-extiende-por-la-patagonia-norte\/"},"author":{"name":"Samnaz","@id":"https:\/\/www.samnaz.org\/#\/schema\/person\/c09d1131c49ba510c7e1cbb677b39927"},"headline":"Un avivamiento que se extiende por la Patagonia Norte","datePublished":"2026-01-30T14:11:13+00:00","dateModified":"2026-02-10T19:10:23+00:00","mainEntityOfPage":{"@id":"https:\/\/www.samnaz.org\/un-avivamiento-que-se-extiende-por-la-patagonia-norte\/"},"wordCount":293,"commentCount":0,"publisher":{"@id":"https:\/\/www.samnaz.org\/#organization"},"image":{"@id":"https:\/\/www.samnaz.org\/un-avivamiento-que-se-extiende-por-la-patagonia-norte\/#primaryimage"},"thumbnailUrl":"https:\/\/www.samnaz.org\/wp-content\/uploads\/2026\/01\/WhatsApp-Image-2026-01-29-at-13.16.53-1.jpeg","articleSection":["Am\u00e9rica del Sur","Argentina","Desarrollo de la Iglesia","Noticia"],"inLanguage":"pt-BR","potentialAction":[{"@type":"CommentAction","name":"Comment","target":["https:\/\/www.samnaz.org\/un-avivamiento-que-se-extiende-por-la-patagonia-norte\/#respond"]}]},{"@type":"WebPage","@id":"https:\/\/www.samnaz.org\/un-avivamiento-que-se-extiende-por-la-patagonia-norte\/","url":"https:\/\/www.samnaz.org\/un-avivamiento-que-se-extiende-por-la-patagonia-norte\/","name":"Un avivamiento que se extiende por la Patagonia Norte | Iglesia del Nazareno Am\u00e9rica del Sur","isPartOf":{"@id":"https:\/\/www.samnaz.org\/#website"},"primaryImageOfPage":{"@id":"https:\/\/www.samnaz.org\/un-avivamiento-que-se-extiende-por-la-patagonia-norte\/#primaryimage"},"image":{"@id":"https:\/\/www.samnaz.org\/un-avivamiento-que-se-extiende-por-la-patagonia-norte\/#primaryimage"},"thumbnailUrl":"https:\/\/www.samnaz.org\/wp-content\/uploads\/2026\/01\/WhatsApp-Image-2026-01-29-at-13.16.53-1.jpeg","datePublished":"2026-01-30T14:11:13+00:00","dateModified":"2026-02-10T19:10:23+00:00","description":"Noticia","inLanguage":"pt-BR","potentialAction":[{"@type":"ReadAction","target":["https:\/\/www.samnaz.org\/un-avivamiento-que-se-extiende-por-la-patagonia-norte\/"]}]},{"@type":"ImageObject","inLanguage":"pt-BR","@id":"https:\/\/www.samnaz.org\/un-avivamiento-que-se-extiende-por-la-patagonia-norte\/#primaryimage","url":"https:\/\/www.samnaz.org\/wp-content\/uploads\/2026\/01\/WhatsApp-Image-2026-01-29-at-13.16.53-1.jpeg","contentUrl":"https:\/\/www.samnaz.org\/wp-content\/uploads\/2026\/01\/WhatsApp-Image-2026-01-29-at-13.16.53-1.jpeg","width":1280,"height":1011},{"@type":"WebSite","@id":"https:\/\/www.samnaz.org\/#website","url":"https:\/\/www.samnaz.org\/","name":"Haciendo Disc\u00edpulos Semejantes a Cristo en las naciones","description":"Haciendo disc\u00edpulos semejantes a Cristo en las Naciones","publisher":{"@id":"https:\/\/www.samnaz.org\/#organization"},"alternateName":"Viviendo la Gran Comisi\u00f3n","potentialAction":[{"@type":"SearchAction","target":{"@type":"EntryPoint","urlTemplate":"https:\/\/www.samnaz.org\/?s={search_term_string}"},"query-input":{"@type":"PropertyValueSpecification","valueRequired":true,"valueName":"search_term_string"}}],"inLanguage":"pt-BR"},{"@type":"Organization","@id":"https:\/\/www.samnaz.org\/#organization","name":"Iglesia del Nazareno Am\u00e9rica del Sur","url":"https:\/\/www.samnaz.org\/","logo":{"@type":"ImageObject","inLanguage":"pt-BR","@id":"https:\/\/www.samnaz.org\/#\/schema\/logo\/image\/","url":"https:\/\/www.samnaz.org\/wp-content\/uploads\/2021\/04\/Logo-3-ESP.png","contentUrl":"https:\/\/www.samnaz.org\/wp-content\/uploads\/2021\/04\/Logo-3-ESP.png","width":1041,"height":780,"caption":"Iglesia del Nazareno Am\u00e9rica del Sur"},"image":{"@id":"https:\/\/www.samnaz.org\/#\/schema\/logo\/image\/"},"sameAs":["https:\/\/www.facebook.com\/NazarenoEsp","https:\/\/www.instagram.com\/nazarenoesp\/"],"publishingPrinciples":"https:\/\/www.samnaz.org\/"},{"@type":"Person","@id":"https:\/\/www.samnaz.org\/#\/schema\/person\/c09d1131c49ba510c7e1cbb677b39927","name":"Samnaz","image":{"@type":"ImageObject","inLanguage":"pt-BR","@id":"https:\/\/secure.gravatar.com\/avatar\/a5baaf0e270319d09c0efce6a9dd03ff93175913c70afe26595c0069c83fa6dc?s=96&d=mm&r=g","url":"https:\/\/secure.gravatar.com\/avatar\/a5baaf0e270319d09c0efce6a9dd03ff93175913c70afe26595c0069c83fa6dc?s=96&d=mm&r=g","contentUrl":"https:\/\/secure.gravatar.com\/avatar\/a5baaf0e270319d09c0efce6a9dd03ff93175913c70afe26595c0069c83fa6dc?s=96&d=mm&r=g","caption":"Samnaz"}}]}},"_links":{"self":[{"href":"https:\/\/www.samnaz.org\/pt\/wp-json\/wp\/v2\/posts\/50580","targetHints":{"allow":["GET"]}}],"collection":[{"href":"https:\/\/www.samnaz.org\/pt\/wp-json\/wp\/v2\/posts"}],"about":[{"href":"https:\/\/www.samnaz.org\/pt\/wp-json\/wp\/v2\/types\/post"}],"author":[{"embeddable":true,"href":"https:\/\/www.samnaz.org\/pt\/wp-json\/wp\/v2\/users\/4"}],"replies":[{"embeddable":true,"href":"https:\/\/www.samnaz.org\/pt\/wp-json\/wp\/v2\/comments?post=50580"}],"version-history":[{"count":4,"href":"https:\/\/www.samnaz.org\/pt\/wp-json\/wp\/v2\/posts\/50580\/revisions"}],"predecessor-version":[{"id":50586,"href":"https:\/\/www.samnaz.org\/pt\/wp-json\/wp\/v2\/posts\/50580\/revisions\/50586"}],"wp:featuredmedia":[{"embeddable":true,"href":"https:\/\/www.samnaz.org\/pt\/wp-json\/wp\/v2\/media\/50567"}],"wp:attachment":[{"href":"https:\/\/www.samnaz.org\/pt\/wp-json\/wp\/v2\/media?parent=50580"}],"wp:term":[{"taxonomy":"category","embeddable":true,"href":"https:\/\/www.samnaz.org\/pt\/wp-json\/wp\/v2\/categories?post=50580"},{"taxonomy":"post_tag","embeddable":true,"href":"https:\/\/www.samnaz.org\/pt\/wp-json\/wp\/v2\/tags?post=50580"}],"curies":[{"name":"wp","href":"https:\/\/api.w.org\/{rel}","templated":true}]}}