{"id":50719,"date":"2026-03-09T14:07:37","date_gmt":"2026-03-09T17:07:37","guid":{"rendered":"https:\/\/www.samnaz.org\/?p=50719"},"modified":"2026-03-09T14:11:23","modified_gmt":"2026-03-09T17:11:23","slug":"mas-de-350-mujeres-se-reunieron-en-arequipa-para-el-congreso-nacional-del-ministerio-a-la-mujer","status":"publish","type":"post","link":"https:\/\/www.samnaz.org\/pt\/mas-de-350-mujeres-se-reunieron-en-arequipa-para-el-congreso-nacional-del-ministerio-a-la-mujer\/","title":{"rendered":"M\u00e1s de 350 mujeres se reunieron en Arequipa para el Congreso Nacional del Ministerio a la Mujer"},"content":{"rendered":"<p>[et_pb_section fb_built=\u00bb1&#8243; _builder_version=\u00bb4.16&#8243; _module_preset=\u00bbdefault\u00bb custom_padding=\u00bb0px||||false|false\u00bb global_colors_info=\u00bb{}\u00bb][et_pb_row disabled_on=\u00bbon|on|on\u00bb _builder_version=\u00bb4.16&#8243; _module_preset=\u00bbdefault\u00bb disabled=\u00bbon\u00bb global_colors_info=\u00bb{}\u00bb][et_pb_column type=\u00bb4_4&#8243; _builder_version=\u00bb4.16&#8243; _module_preset=\u00bbdefault\u00bb global_colors_info=\u00bb{}\u00bb][et_pb_text disabled_on=\u00bboff|off|off\u00bb _builder_version=\u00bb4.16&#8243; _module_preset=\u00bbdefault\u00bb text_text_color=\u00bb#0C71C3&#8243; text_font_size=\u00bb23px\u00bb text_orientation=\u00bbcenter\u00bb global_colors_info=\u00bb{}\u00bb]<\/p>\n<p>CONTENIDO EN ESPA\u00d1OL<\/p>\n<p>[\/et_pb_text][\/et_pb_column][\/et_pb_row][et_pb_row module_class=\u00bbespanol\u00bb _builder_version=\u00bb4.16&#8243; _module_preset=\u00bbdefault\u00bb width=\u00bb100%\u00bb global_colors_info=\u00bb{}\u00bb][et_pb_column type=\u00bb4_4&#8243; module_class=\u00bbcolLeft\u00bb _builder_version=\u00bb4.16&#8243; _module_preset=\u00bbdefault\u00bb custom_padding=\u00bb|50px|||false|false\u00bb custom_padding_tablet=\u00bb|20px||20px|false|true\u00bb custom_padding_phone=\u00bb\u00bb custom_padding_last_edited=\u00bbon|phone\u00bb border_color_all=\u00bb#e0e0e0&#8243; border_width_right_tablet=\u00bb0px\u00bb border_width_right_phone=\u00bb0px\u00bb border_width_right_last_edited=\u00bbon|desktop\u00bb global_colors_info=\u00bb{}\u00bb][et_pb_code admin_label=\u00bbCode\u00bb _builder_version=\u00bb4.16&#8243; _module_preset=\u00bbdefault\u00bb background_enable_color=\u00bboff\u00bb positioning=\u00bbabsolute\u00bb position_origin_a=\u00bbtop_right\u00bb vertical_offset=\u00bb10px\u00bb horizontal_offset=\u00bb50px\u00bb z_index=\u00bb137&#8243; vertical_offset_tablet=\u00bb\u00bb vertical_offset_phone=\u00bb-45px\u00bb vertical_offset_last_edited=\u00bbon|phone\u00bb horizontal_offset_tablet=\u00bb20px\u00bb horizontal_offset_phone=\u00bb\u00bb horizontal_offset_last_edited=\u00bbon|phone\u00bb position_origin_a_tablet=\u00bb\u00bb position_origin_a_phone=\u00bb\u00bb position_origin_a_last_edited=\u00bbon|desktop\u00bb position_origin_f_tablet=\u00bb\u00bb position_origin_f_phone=\u00bb\u00bb position_origin_f_last_edited=\u00bbon|desktop\u00bb position_origin_r_tablet=\u00bb\u00bb position_origin_r_phone=\u00bb\u00bb position_origin_r_last_edited=\u00bbon|desktop\u00bb text_orientation=\u00bbright\u00bb width=\u00bb160px\u00bb height=\u00bb30px\u00bb positioning_tablet=\u00bb\u00bb positioning_phone=\u00bb\u00bb positioning_last_edited=\u00bbon|desktop\u00bb global_colors_info=\u00bb{}\u00bb]<!-- AddToAny BEGIN --><!-- [et_pb_line_break_holder] --><a class=\"a2a_dd\" href=\"https:\/\/www.addtoany.com\/share\" style=\"background: black;<!-- [et_pb_line_break_holder] -->    font-size: 18px;<!-- [et_pb_line_break_holder] -->    color: white;<!-- [et_pb_line_break_holder] -->    padding: 10px;text-transform: uppercase;\u00bb><!-- [et_pb_line_break_holder] -->  <svg style=\"width: 20px;\" aria-hidden=\"true\" focusable=\"false\" data-prefix=\"fas\" data-icon=\"share-square\" role=\"img\" xmlns=\"http:\/\/www.w3.org\/2000\/svg\" viewbox=\"0 0 576 512\" data-fa-i2svg=\"\"><path fill=\"currentColor\" d=\"M568.482 177.448L424.479 313.433C409.3 327.768 384 317.14 384 295.985v-71.963c-144.575.97-205.566 35.113-164.775 171.353 4.483 14.973-12.846 26.567-25.006 17.33C155.252 383.105 120 326.488 120 269.339c0-143.937 117.599-172.5 264-173.312V24.012c0-21.174 25.317-31.768 40.479-17.448l144.003 135.988c10.02 9.463 10.028 25.425 0 34.896zM384 379.128V448H64V128h50.916a11.99 11.99 0 0 0 8.648-3.693c14.953-15.568 32.237-27.89 51.014-37.676C185.708 80.83 181.584 64 169.033 64H48C21.49 64 0 85.49 0 112v352c0 26.51 21.49 48 48 48h352c26.51 0 48-21.49 48-48v-88.806c0-8.288-8.197-14.066-16.011-11.302a71.83 71.83 0 0 1-34.189 3.377c-7.27-1.046-13.8 4.514-13.8 11.859z\"><\/path><\/svg><!-- [et_pb_line_break_holder] -->  COMPARTILHAR<!-- [et_pb_line_break_holder] --><\/a><!-- [et_pb_line_break_holder] --><script async src=\"https:\/\/static.addtoany.com\/menu\/page.js\"><\/script><!-- [et_pb_line_break_holder] --><!-- AddToAny END -->[\/et_pb_code][et_pb_text _builder_version=\u00bb4.27.6&#8243; _module_preset=\u00bbdefault\u00bb text_font=\u00bb|700|||||||\u00bb text_font_size=\u00bb25px\u00bb width=\u00bb78%\u00bb width_tablet=\u00bb\u00bb width_phone=\u00bb100%\u00bb width_last_edited=\u00bbon|phone\u00bb custom_margin=\u00bb||5px|||\u00bb global_colors_info=\u00bb{}\u00bb]<\/p>\n<p class=\"p1\">M\u00e1s de 350 mujeres se reunieron en Arequipa para el Congreso Nacional del Ministerio a la Mujer<\/p>\n<p>[\/et_pb_text][et_pb_post_title title=\u00bboff\u00bb comments=\u00bboff\u00bb module_class=\u00bbtituloNoti\u00bb _builder_version=\u00bb4.16&#8243; _module_preset=\u00bbdefault\u00bb width_tablet=\u00bb\u00bb width_phone=\u00bb\u00bb width_last_edited=\u00bbon|phone\u00bb custom_padding=\u00bb|0px|||false|false\u00bb custom_padding_tablet=\u00bb|0px|||false|false\u00bb custom_padding_phone=\u00bb|0px|||false|false\u00bb custom_padding_last_edited=\u00bbon|phone\u00bb border_color_right=\u00bb#e8e8e8&#8243; border_width_right_tablet=\u00bb0px\u00bb border_width_right_phone=\u00bb\u00bb border_width_right_last_edited=\u00bbon|desktop\u00bb global_colors_info=\u00bb{}\u00bb][\/et_pb_post_title][et_pb_text _builder_version=\u00bb4.27.6&#8243; _module_preset=\u00bbdefault\u00bb text_font_size=\u00bb17px\u00bb global_colors_info=\u00bb{}\u00bb]<\/p>\n<p style=\"margin: 0cm 0cm 15pt; text-align: justify;\"><b><span style=\"font-family: 'Arial',sans-serif; color: black;\">(CNAS Per\u00fa) <\/span><\/b>Del 5 al 8 de febrero, la ciudad de Arequipa, conocida como la \u201cCiudad Blanca\u201d, fue sede del Congreso Nacional del Ministerio a la Mujer en Per\u00fa, realizado bajo el lema \u201cMujeres que Inspiran, Mujeres que Transforman\u201d. Con un esp\u00edritu de unidad y expectativa, m\u00e1s de 350 mujeres se congregaron en delegaciones provenientes de la costa, la sierra y la selva, representando a cada distrito eclesi\u00e1stico del pa\u00eds.<\/p>\n<p class=\"p1\">El prop\u00f3sito del congreso fue fortalecer la vida espiritual de las participantes y motivarlas a seguir ejerciendo un liderazgo que impacte sus hogares, iglesias y comunidades. Durante los d\u00edas del evento, se vivieron tiempos de adoraci\u00f3n, ense\u00f1anza y comuni\u00f3n, en los que se reafirm\u00f3 el llamado de la mujer a inspirar y transformar desde una fe activa y comprometida.<\/p>\n<p class=\"p1\">A lo largo de la programaci\u00f3n se desarrollaron plenarias con la participaci\u00f3n de invitadas especiales: Rev. Silvia Rodrigues, Rev. Gladis Bereche, Rev. Cristiane Polonio, Rev. Leda F. de Romero y Rev. Marleni Palma, quienes compartieron mensajes de edificaci\u00f3n, desaf\u00edo y afirmaci\u00f3n del prop\u00f3sito de Dios para cada mujer.<\/p>\n<p class=\"p1\">Adem\u00e1s, se realizaron talleres que se convirtieron en espacios de conexi\u00f3n, crecimiento y orientaci\u00f3n pr\u00e1ctica. Estos fueron impartidos por la Rev. Patricia Donelly, la Lic. Gaudy V\u00e1squez Aguilar, la abogada Nancy Soto y la obstetra Lizbeth Pasache, abordando temas como:<\/p>\n<ol class=\"ol1\">\n<li class=\"li1\"><b><\/b>Nutrici\u00f3n en cada etapa<\/li>\n<li class=\"li1\"><b><\/b>Cuidando de los que cuidan<\/li>\n<li class=\"li1\"><b><\/b>La sexualidad en la etapa de la adolescencia<\/li>\n<li class=\"li1\"><b><\/b>C\u00f3mo detectar los cambios<\/li>\n<li class=\"li1\"><b><\/b>Cuidado \u00edntimo de la mujer<\/li>\n<\/ol>\n<p class=\"p1\">Como parte del programa, el viernes 6 se realiz\u00f3 un panel f\u00f3rum, donde se respondieron diversas preguntas presentadas por las asistentes, generando un di\u00e1logo enriquecedor y cercano. El s\u00e1bado 7, se llev\u00f3 a cabo un tour por los principales atractivos tur\u00edsticos de Arequipa y sus alrededores, un tiempo especial para fortalecer la convivencia, conocer la regi\u00f3n y compartir la riqueza cultural y gastron\u00f3mica local.<\/p>\n<p class=\"p1\">El congreso concluy\u00f3 el domingo 8 con una plenaria final y un tiempo solemne de alabanza y Santa Cena, cerrando la jornada con gratitud y renovaci\u00f3n espiritual. La direcci\u00f3n del Ministerio a la Mujer en el Per\u00fa, a cargo de la pastora Bety Espinoza, fue clave para la coordinaci\u00f3n y el desarrollo de este encuentro nacional.<\/p>\n<p class=\"p1\">Con un ambiente de gozo y compromiso, muchas mujeres regresaron a sus distritos con una visi\u00f3n reafirmada: seguir creciendo, sirviendo y llevando esperanza, sabiendo que Dios contin\u00faa levantando mujeres que inspiran y mujeres que transforman.<\/p>\n<p style=\"margin: 0cm 0cm 15pt; text-align: justify;\"><b><i><span style=\"font-family: 'Arial',sans-serif; color: black;\">Fonte <\/span><\/i><\/b><i><span style=\"font-family: 'Arial',sans-serif; color: black;\">Iglesia del Nazareno \u2013 Per\u00fa.<\/span><\/i><\/p>\n<p>[\/et_pb_text][\/et_pb_column][\/et_pb_row][et_pb_row disabled_on=\u00bbon|on|on\u00bb _builder_version=\u00bb4.16&#8243; _module_preset=\u00bbdefault\u00bb disabled=\u00bbon\u00bb global_colors_info=\u00bb{}\u00bb][et_pb_column type=\u00bb4_4&#8243; _builder_version=\u00bb4.16&#8243; _module_preset=\u00bbdefault\u00bb global_colors_info=\u00bb{}\u00bb][et_pb_text disabled_on=\u00bboff|off|off\u00bb _builder_version=\u00bb4.16&#8243; _module_preset=\u00bbdefault\u00bb text_text_color=\u00bb#0C71C3&#8243; text_font_size=\u00bb23px\u00bb text_orientation=\u00bbcenter\u00bb global_colors_info=\u00bb{}\u00bb]<\/p>\n<p>CONTENIDO EN PORTUGUES<\/p>\n<p>[\/et_pb_text][\/et_pb_column][\/et_pb_row][et_pb_row module_class=\u00bbportugues\u00bb _builder_version=\u00bb4.16&#8243; _module_preset=\u00bbdefault\u00bb width=\u00bb100%\u00bb global_colors_info=\u00bb{}\u00bb][et_pb_column type=\u00bb4_4&#8243; module_class=\u00bbcolLeft\u00bb _builder_version=\u00bb4.16&#8243; _module_preset=\u00bbdefault\u00bb custom_padding=\u00bb|50px|||false|false\u00bb custom_padding_tablet=\u00bb|20px||20px|false|true\u00bb custom_padding_phone=\u00bb\u00bb custom_padding_last_edited=\u00bbon|phone\u00bb border_color_all=\u00bb#e0e0e0&#8243; border_width_right_tablet=\u00bb0px\u00bb border_width_right_phone=\u00bb0px\u00bb border_width_right_last_edited=\u00bbon|desktop\u00bb global_colors_info=\u00bb{}\u00bb][et_pb_code admin_label=\u00bbCode\u00bb _builder_version=\u00bb4.16&#8243; _module_preset=\u00bbdefault\u00bb background_enable_color=\u00bboff\u00bb positioning=\u00bbabsolute\u00bb position_origin_a=\u00bbtop_right\u00bb vertical_offset=\u00bb10px\u00bb horizontal_offset=\u00bb50px\u00bb z_index=\u00bb137&#8243; vertical_offset_tablet=\u00bb\u00bb vertical_offset_phone=\u00bb-45px\u00bb vertical_offset_last_edited=\u00bbon|phone\u00bb horizontal_offset_tablet=\u00bb20px\u00bb horizontal_offset_phone=\u00bb\u00bb horizontal_offset_last_edited=\u00bbon|phone\u00bb position_origin_a_tablet=\u00bb\u00bb position_origin_a_phone=\u00bb\u00bb position_origin_a_last_edited=\u00bbon|desktop\u00bb position_origin_f_tablet=\u00bb\u00bb position_origin_f_phone=\u00bb\u00bb position_origin_f_last_edited=\u00bbon|desktop\u00bb position_origin_r_tablet=\u00bb\u00bb position_origin_r_phone=\u00bb\u00bb position_origin_r_last_edited=\u00bbon|desktop\u00bb text_orientation=\u00bbright\u00bb width=\u00bb190px\u00bb height=\u00bb30px\u00bb positioning_tablet=\u00bb\u00bb positioning_phone=\u00bb\u00bb positioning_last_edited=\u00bbon|desktop\u00bb global_colors_info=\u00bb{}\u00bb]<!-- AddToAny BEGIN --><!-- [et_pb_line_break_holder] --><a class=\"a2a_dd\" href=\"https:\/\/www.addtoany.com\/share\" style=\"background: black;<!-- [et_pb_line_break_holder] -->    font-size: 18px;<!-- [et_pb_line_break_holder] -->    color: white;<!-- [et_pb_line_break_holder] -->    padding: 10px;text-transform: uppercase;\u00bb><!-- [et_pb_line_break_holder] -->  <svg style=\"width: 20px;\" aria-hidden=\"true\" focusable=\"false\" data-prefix=\"fas\" data-icon=\"share-square\" role=\"img\" xmlns=\"http:\/\/www.w3.org\/2000\/svg\" viewbox=\"0 0 576 512\" data-fa-i2svg=\"\"><path fill=\"currentColor\" d=\"M568.482 177.448L424.479 313.433C409.3 327.768 384 317.14 384 295.985v-71.963c-144.575.97-205.566 35.113-164.775 171.353 4.483 14.973-12.846 26.567-25.006 17.33C155.252 383.105 120 326.488 120 269.339c0-143.937 117.599-172.5 264-173.312V24.012c0-21.174 25.317-31.768 40.479-17.448l144.003 135.988c10.02 9.463 10.028 25.425 0 34.896zM384 379.128V448H64V128h50.916a11.99 11.99 0 0 0 8.648-3.693c14.953-15.568 32.237-27.89 51.014-37.676C185.708 80.83 181.584 64 169.033 64H48C21.49 64 0 85.49 0 112v352c0 26.51 21.49 48 48 48h352c26.51 0 48-21.49 48-48v-88.806c0-8.288-8.197-14.066-16.011-11.302a71.83 71.83 0 0 1-34.189 3.377c-7.27-1.046-13.8 4.514-13.8 11.859z\"><\/path><\/svg><!-- [et_pb_line_break_holder] -->  Compartilhar<!-- [et_pb_line_break_holder] --><\/a><!-- [et_pb_line_break_holder] --><script async src=\"https:\/\/static.addtoany.com\/menu\/page.js\"><\/script><!-- [et_pb_line_break_holder] --><!-- AddToAny END -->[\/et_pb_code][et_pb_text _builder_version=\u00bb4.27.6&#8243; _module_preset=\u00bbdefault\u00bb text_font=\u00bb|700|||||||\u00bb text_font_size=\u00bb25px\u00bb width=\u00bb78%\u00bb width_tablet=\u00bb\u00bb width_phone=\u00bb100%\u00bb width_last_edited=\u00bbon|phone\u00bb custom_margin=\u00bb||5px|||\u00bb global_colors_info=\u00bb{}\u00bb]<\/p>\n<p class=\"p1\">Mais de 350 mulheres se reuniram em Arequipa para o Congresso Nacional do Minist\u00e9rio \u00e0s Mulheres<\/p>\n<p>[\/et_pb_text][et_pb_post_title title=\u00bboff\u00bb comments=\u00bboff\u00bb module_class=\u00bbtituloNoti\u00bb _builder_version=\u00bb4.16&#8243; _module_preset=\u00bbdefault\u00bb width_tablet=\u00bb\u00bb width_phone=\u00bb\u00bb width_last_edited=\u00bbon|phone\u00bb custom_padding=\u00bb|0px|||false|false\u00bb custom_padding_tablet=\u00bb|0px|||false|false\u00bb custom_padding_phone=\u00bb|0px|||false|false\u00bb custom_padding_last_edited=\u00bbon|phone\u00bb border_color_right=\u00bb#e8e8e8&#8243; border_width_right_tablet=\u00bb0px\u00bb border_width_right_phone=\u00bb\u00bb border_width_right_last_edited=\u00bbon|desktop\u00bb global_colors_info=\u00bb{}\u00bb][\/et_pb_post_title][et_pb_text _builder_version=\u00bb4.27.6&#8243; _module_preset=\u00bbdefault\u00bb text_font_size=\u00bb17px\u00bb global_colors_info=\u00bb{}\u00bb]<\/p>\n<p style=\"text-align: justify;\"><strong>(CNAS Peru) <\/strong>De 5 a 8 de fevereiro, a cidade de Arequipa, conhecida como a \u201cCidade Branca\u201d, foi sede do Congresso Nacional do Minist\u00e9rio \u00e0s Mulheres no Peru, realizado sob o lema \u201cMulheres que Inspiram, Mulheres que Transformam\u201d. Com um esp\u00edrito de unidade e expectativa, mais de 350 mulheres se reuniram em delega\u00e7\u00f5es vindas da costa, da serra e da selva, representando cada distrito eclesi\u00e1stico do pa\u00eds.<\/p>\n<p class=\"p1\">O prop\u00f3sito do congresso foi fortalecer a vida espiritual das participantes e motiv\u00e1-las a continuar exercendo uma lideran\u00e7a que impacte seus lares, igrejas e comunidades. Durante os dias do evento, houve momentos de adora\u00e7\u00e3o, ensino e comunh\u00e3o, nos quais se reafirmou o chamado da mulher a inspirar e transformar a partir de uma f\u00e9 ativa e comprometida.<\/p>\n<p class=\"p1\">Ao longo da programa\u00e7\u00e3o, foram realizadas plen\u00e1rias com a participa\u00e7\u00e3o de convidadas especiais: Rev. Silvia Rodrigues, Rev. Gladis Bereche, Rev. Cristiane Polonio, Rev. Leda F. de Romero e Rev. Marleni Palma, que compartilharam mensagens de edifica\u00e7\u00e3o, desafio e afirma\u00e7\u00e3o do prop\u00f3sito de Deus para cada mulher.<\/p>\n<p class=\"p1\">Al\u00e9m disso, aconteceram oficinas que se tornaram espa\u00e7os de conex\u00e3o, crescimento e orienta\u00e7\u00e3o pr\u00e1tica. Elas foram ministradas pela Rev. Patricia Donelly, pela Lic. Gaudy V\u00e1squez Aguilar, pela advogada Nancy Soto e pela obstetra Lizbeth Pasache, abordando temas como:<\/p>\n<ul class=\"ul1\">\n<li class=\"li1\"><b><\/b>Nutri\u00e7\u00e3o em cada etapa<\/li>\n<li class=\"li1\"><b><\/b>Cuidando daqueles que cuidam<\/li>\n<li class=\"li1\"><b><\/b>A sexualidade na adolesc\u00eancia<\/li>\n<li class=\"li1\"><b><\/b>Como identificar as mudan\u00e7as<\/li>\n<li class=\"li1\"><b><\/b>Cuidado \u00edntimo da mulher<\/li>\n<\/ul>\n<p class=\"p1\">Como parte do programa, na sexta-feira, dia 6, foi realizado um painel-f\u00f3rum, no qual diversas perguntas apresentadas pelas participantes foram respondidas, promovendo um di\u00e1logo enriquecedor e pr\u00f3ximo. No s\u00e1bado, dia 7, aconteceu um tour pelos principais atrativos tur\u00edsticos de Arequipa e arredores, um tempo especial para fortalecer a conviv\u00eancia, conhecer a regi\u00e3o e compartilhar a riqueza cultural e gastron\u00f4mica local.<\/p>\n<p class=\"p1\">O congresso foi encerrado no domingo, dia 8, com uma plen\u00e1ria final e um momento solene de louvor e Santa Ceia, concluindo a jornada com gratid\u00e3o e renova\u00e7\u00e3o espiritual. A lideran\u00e7a do Minist\u00e9rio \u00e0s Mulheres no Peru, sob a dire\u00e7\u00e3o da pastora Bety Espinoza, foi fundamental para a coordena\u00e7\u00e3o e o desenvolvimento deste encontro nacional.<\/p>\n<p class=\"p1\">Com um ambiente de alegria e compromisso, muitas mulheres retornaram aos seus distritos com uma vis\u00e3o reafirmada: continuar crescendo, servindo e levando esperan\u00e7a, sabendo que Deus continua levantando mulheres que inspiram e mulheres que transformam.<\/p>\n<p style=\"text-align: justify;\"><strong><em>Fonte: <\/em><\/strong><em>Igreja do Nazareno \u2013 Peru.<\/em><\/p>\n<p>[\/et_pb_text][\/et_pb_column][\/et_pb_row][et_pb_row _builder_version=\u00bb4.16&#8243; _module_preset=\u00bbdefault\u00bb width=\u00bb100%\u00bb global_colors_info=\u00bb{}\u00bb][et_pb_column type=\u00bb4_4&#8243; module_class=\u00bbcolLeft\u00bb _builder_version=\u00bb4.16&#8243; _module_preset=\u00bbdefault\u00bb custom_padding=\u00bb|50px|||false|false\u00bb custom_padding_tablet=\u00bb|20px||20px|false|true\u00bb custom_padding_phone=\u00bb\u00bb custom_padding_last_edited=\u00bbon|phone\u00bb border_color_all=\u00bb#e0e0e0&#8243; border_width_right_tablet=\u00bb0px\u00bb border_width_right_phone=\u00bb0px\u00bb border_width_right_last_edited=\u00bbon|desktop\u00bb global_colors_info=\u00bb{}\u00bb][et_pb_gallery gallery_ids=\u00bb50724,50725,50726,50727,50728,50729,50730,50731,50732,50733&#8243; posts_number=\u00bb8&#8243; show_title_and_caption=\u00bboff\u00bb zoom_icon_color=\u00bb#E02B20&#8243; hover_overlay_color=\u00bb#FFFFFF\u00bb hover_icon=\u00bb&#x54;||divi||400&#8243; _builder_version=\u00bb4.27.6&#8243; _module_preset=\u00bbdefault\u00bb title_font_size=\u00bb0px\u00bb width=\u00bb100%\u00bb module_alignment=\u00bbcenter\u00bb global_colors_info=\u00bb{}\u00bb][\/et_pb_gallery][\/et_pb_column][\/et_pb_row][\/et_pb_section]<\/p>\n<span class=\"et_bloom_bottom_trigger\"><\/span>","protected":false},"excerpt":{"rendered":"<p>CONTENIDO EN ESPA\u00d1OL<\/p>","protected":false},"author":4,"featured_media":50724,"comment_status":"open","ping_status":"open","sticky":false,"template":"","format":"standard","meta":{"_et_pb_use_builder":"on","_et_pb_old_content":"","_et_gb_content_width":"","_monsterinsights_skip_tracking":false,"_monsterinsights_sitenote_active":false,"_monsterinsights_sitenote_note":"","_monsterinsights_sitenote_category":0,"_vp_format_video_url":"","_vp_image_focal_point":[],"footnotes":""},"categories":[134,67,1,56],"tags":[],"class_list":["post-50719","post","type-post","status-publish","format-standard","has-post-thumbnail","hentry","category-america-del-sur","category-ministerio-a-la-mujer","category-noticia","category-peru"],"yoast_head":"<!-- This site is optimized with the Yoast SEO Premium plugin v23.6 (Yoast SEO v27.4) - https:\/\/yoast.com\/product\/yoast-seo-premium-wordpress\/ -->\n<title>M\u00e1s de 350 mujeres se reunieron en Arequipa para el Congreso Nacional del Ministerio a la Mujer | Iglesia del Nazareno Am\u00e9rica del Sur<\/title>\n<meta name=\"description\" content=\"Noticia\" \/>\n<meta name=\"robots\" content=\"noindex, follow\" \/>\n<meta property=\"og:locale\" content=\"pt_BR\" \/>\n<meta property=\"og:type\" content=\"article\" \/>\n<meta property=\"og:title\" content=\"M\u00e1s de 350 mujeres se reunieron en Arequipa para el Congreso Nacional del Ministerio a la Mujer | Iglesia del Nazareno Am\u00e9rica del Sur\" \/>\n<meta property=\"og:description\" content=\"Noticia\" \/>\n<meta property=\"og:url\" content=\"https:\/\/www.samnaz.org\/pt\/mas-de-350-mujeres-se-reunieron-en-arequipa-para-el-congreso-nacional-del-ministerio-a-la-mujer\/\" \/>\n<meta property=\"og:site_name\" content=\"Iglesia del Nazareno Am\u00e9rica del Sur\" \/>\n<meta property=\"article:publisher\" content=\"https:\/\/www.facebook.com\/NazarenoEsp\" \/>\n<meta property=\"article:published_time\" content=\"2026-03-09T17:07:37+00:00\" \/>\n<meta property=\"article:modified_time\" content=\"2026-03-09T17:11:23+00:00\" \/>\n<meta property=\"og:image\" content=\"https:\/\/www.samnaz.org\/wp-content\/uploads\/2026\/03\/0.jpg\" \/>\n\t<meta property=\"og:image:width\" content=\"1920\" \/>\n\t<meta property=\"og:image:height\" content=\"1177\" \/>\n\t<meta property=\"og:image:type\" content=\"image\/jpeg\" \/>\n<meta name=\"author\" content=\"Samnaz\" \/>\n<meta name=\"twitter:card\" content=\"summary_large_image\" \/>\n<meta name=\"twitter:label1\" content=\"Escrito por\" \/>\n\t<meta name=\"twitter:data1\" content=\"Samnaz\" \/>\n\t<meta name=\"twitter:label2\" content=\"Est. tempo de leitura\" \/>\n\t<meta name=\"twitter:data2\" content=\"6 minutos\" \/>\n<script type=\"application\/ld+json\" class=\"yoast-schema-graph\">{\"@context\":\"https:\\\/\\\/schema.org\",\"@graph\":[{\"@type\":\"Article\",\"@id\":\"https:\\\/\\\/www.samnaz.org\\\/mas-de-350-mujeres-se-reunieron-en-arequipa-para-el-congreso-nacional-del-ministerio-a-la-mujer\\\/#article\",\"isPartOf\":{\"@id\":\"https:\\\/\\\/www.samnaz.org\\\/mas-de-350-mujeres-se-reunieron-en-arequipa-para-el-congreso-nacional-del-ministerio-a-la-mujer\\\/\"},\"author\":{\"name\":\"Samnaz\",\"@id\":\"https:\\\/\\\/www.samnaz.org\\\/#\\\/schema\\\/person\\\/c09d1131c49ba510c7e1cbb677b39927\"},\"headline\":\"M\u00e1s de 350 mujeres se reunieron en Arequipa para el Congreso Nacional del Ministerio a la Mujer\",\"datePublished\":\"2026-03-09T17:07:37+00:00\",\"dateModified\":\"2026-03-09T17:11:23+00:00\",\"mainEntityOfPage\":{\"@id\":\"https:\\\/\\\/www.samnaz.org\\\/mas-de-350-mujeres-se-reunieron-en-arequipa-para-el-congreso-nacional-del-ministerio-a-la-mujer\\\/\"},\"wordCount\":301,\"commentCount\":0,\"publisher\":{\"@id\":\"https:\\\/\\\/www.samnaz.org\\\/#organization\"},\"image\":{\"@id\":\"https:\\\/\\\/www.samnaz.org\\\/mas-de-350-mujeres-se-reunieron-en-arequipa-para-el-congreso-nacional-del-ministerio-a-la-mujer\\\/#primaryimage\"},\"thumbnailUrl\":\"https:\\\/\\\/www.samnaz.org\\\/wp-content\\\/uploads\\\/2026\\\/03\\\/0.jpg\",\"articleSection\":[\"Am\u00e9rica del Sur\",\"Ministerio a la Mujer\",\"Noticia\",\"Per\u00fa\"],\"inLanguage\":\"pt-BR\",\"potentialAction\":[{\"@type\":\"CommentAction\",\"name\":\"Comment\",\"target\":[\"https:\\\/\\\/www.samnaz.org\\\/mas-de-350-mujeres-se-reunieron-en-arequipa-para-el-congreso-nacional-del-ministerio-a-la-mujer\\\/#respond\"]}]},{\"@type\":\"WebPage\",\"@id\":\"https:\\\/\\\/www.samnaz.org\\\/mas-de-350-mujeres-se-reunieron-en-arequipa-para-el-congreso-nacional-del-ministerio-a-la-mujer\\\/\",\"url\":\"https:\\\/\\\/www.samnaz.org\\\/mas-de-350-mujeres-se-reunieron-en-arequipa-para-el-congreso-nacional-del-ministerio-a-la-mujer\\\/\",\"name\":\"M\u00e1s de 350 mujeres se reunieron en Arequipa para el Congreso Nacional del Ministerio a la Mujer | Iglesia del Nazareno Am\u00e9rica del Sur\",\"isPartOf\":{\"@id\":\"https:\\\/\\\/www.samnaz.org\\\/#website\"},\"primaryImageOfPage\":{\"@id\":\"https:\\\/\\\/www.samnaz.org\\\/mas-de-350-mujeres-se-reunieron-en-arequipa-para-el-congreso-nacional-del-ministerio-a-la-mujer\\\/#primaryimage\"},\"image\":{\"@id\":\"https:\\\/\\\/www.samnaz.org\\\/mas-de-350-mujeres-se-reunieron-en-arequipa-para-el-congreso-nacional-del-ministerio-a-la-mujer\\\/#primaryimage\"},\"thumbnailUrl\":\"https:\\\/\\\/www.samnaz.org\\\/wp-content\\\/uploads\\\/2026\\\/03\\\/0.jpg\",\"datePublished\":\"2026-03-09T17:07:37+00:00\",\"dateModified\":\"2026-03-09T17:11:23+00:00\",\"description\":\"Noticia\",\"inLanguage\":\"pt-BR\",\"potentialAction\":[{\"@type\":\"ReadAction\",\"target\":[\"https:\\\/\\\/www.samnaz.org\\\/mas-de-350-mujeres-se-reunieron-en-arequipa-para-el-congreso-nacional-del-ministerio-a-la-mujer\\\/\"]}]},{\"@type\":\"ImageObject\",\"inLanguage\":\"pt-BR\",\"@id\":\"https:\\\/\\\/www.samnaz.org\\\/mas-de-350-mujeres-se-reunieron-en-arequipa-para-el-congreso-nacional-del-ministerio-a-la-mujer\\\/#primaryimage\",\"url\":\"https:\\\/\\\/www.samnaz.org\\\/wp-content\\\/uploads\\\/2026\\\/03\\\/0.jpg\",\"contentUrl\":\"https:\\\/\\\/www.samnaz.org\\\/wp-content\\\/uploads\\\/2026\\\/03\\\/0.jpg\",\"width\":1920,\"height\":1177},{\"@type\":\"WebSite\",\"@id\":\"https:\\\/\\\/www.samnaz.org\\\/#website\",\"url\":\"https:\\\/\\\/www.samnaz.org\\\/\",\"name\":\"Haciendo Disc\u00edpulos Semejantes a Cristo en las naciones\",\"description\":\"Haciendo disc\u00edpulos semejantes a Cristo en las Naciones\",\"publisher\":{\"@id\":\"https:\\\/\\\/www.samnaz.org\\\/#organization\"},\"alternateName\":\"Viviendo la Gran Comisi\u00f3n\",\"potentialAction\":[{\"@type\":\"SearchAction\",\"target\":{\"@type\":\"EntryPoint\",\"urlTemplate\":\"https:\\\/\\\/www.samnaz.org\\\/?s={search_term_string}\"},\"query-input\":{\"@type\":\"PropertyValueSpecification\",\"valueRequired\":true,\"valueName\":\"search_term_string\"}}],\"inLanguage\":\"pt-BR\"},{\"@type\":\"Organization\",\"@id\":\"https:\\\/\\\/www.samnaz.org\\\/#organization\",\"name\":\"Iglesia del Nazareno Am\u00e9rica del Sur\",\"url\":\"https:\\\/\\\/www.samnaz.org\\\/\",\"logo\":{\"@type\":\"ImageObject\",\"inLanguage\":\"pt-BR\",\"@id\":\"https:\\\/\\\/www.samnaz.org\\\/#\\\/schema\\\/logo\\\/image\\\/\",\"url\":\"https:\\\/\\\/www.samnaz.org\\\/wp-content\\\/uploads\\\/2021\\\/04\\\/Logo-3-ESP.png\",\"contentUrl\":\"https:\\\/\\\/www.samnaz.org\\\/wp-content\\\/uploads\\\/2021\\\/04\\\/Logo-3-ESP.png\",\"width\":1041,\"height\":780,\"caption\":\"Iglesia del Nazareno Am\u00e9rica del Sur\"},\"image\":{\"@id\":\"https:\\\/\\\/www.samnaz.org\\\/#\\\/schema\\\/logo\\\/image\\\/\"},\"sameAs\":[\"https:\\\/\\\/www.facebook.com\\\/NazarenoEsp\",\"https:\\\/\\\/www.instagram.com\\\/nazarenoesp\\\/\"],\"publishingPrinciples\":\"https:\\\/\\\/www.samnaz.org\\\/\"},{\"@type\":\"Person\",\"@id\":\"https:\\\/\\\/www.samnaz.org\\\/#\\\/schema\\\/person\\\/c09d1131c49ba510c7e1cbb677b39927\",\"name\":\"Samnaz\",\"image\":{\"@type\":\"ImageObject\",\"inLanguage\":\"pt-BR\",\"@id\":\"https:\\\/\\\/secure.gravatar.com\\\/avatar\\\/a5baaf0e270319d09c0efce6a9dd03ff93175913c70afe26595c0069c83fa6dc?s=96&d=mm&r=g\",\"url\":\"https:\\\/\\\/secure.gravatar.com\\\/avatar\\\/a5baaf0e270319d09c0efce6a9dd03ff93175913c70afe26595c0069c83fa6dc?s=96&d=mm&r=g\",\"contentUrl\":\"https:\\\/\\\/secure.gravatar.com\\\/avatar\\\/a5baaf0e270319d09c0efce6a9dd03ff93175913c70afe26595c0069c83fa6dc?s=96&d=mm&r=g\",\"caption\":\"Samnaz\"}}]}<\/script>\n<!-- \/ Yoast SEO Premium plugin. -->","yoast_head_json":{"title":"M\u00e1s de 350 mujeres se reunieron en Arequipa para el Congreso Nacional del Ministerio a la Mujer | Iglesia del Nazareno Am\u00e9rica del Sur","description":"Noticia","robots":{"index":"noindex","follow":"follow"},"og_locale":"pt_BR","og_type":"article","og_title":"M\u00e1s de 350 mujeres se reunieron en Arequipa para el Congreso Nacional del Ministerio a la Mujer | Iglesia del Nazareno Am\u00e9rica del Sur","og_description":"Noticia","og_url":"https:\/\/www.samnaz.org\/pt\/mas-de-350-mujeres-se-reunieron-en-arequipa-para-el-congreso-nacional-del-ministerio-a-la-mujer\/","og_site_name":"Iglesia del Nazareno Am\u00e9rica del Sur","article_publisher":"https:\/\/www.facebook.com\/NazarenoEsp","article_published_time":"2026-03-09T17:07:37+00:00","article_modified_time":"2026-03-09T17:11:23+00:00","og_image":[{"width":1920,"height":1177,"url":"https:\/\/www.samnaz.org\/wp-content\/uploads\/2026\/03\/0.jpg","type":"image\/jpeg"}],"author":"Samnaz","twitter_card":"summary_large_image","twitter_misc":{"Escrito por":"Samnaz","Est. tempo de leitura":"6 minutos"},"schema":{"@context":"https:\/\/schema.org","@graph":[{"@type":"Article","@id":"https:\/\/www.samnaz.org\/mas-de-350-mujeres-se-reunieron-en-arequipa-para-el-congreso-nacional-del-ministerio-a-la-mujer\/#article","isPartOf":{"@id":"https:\/\/www.samnaz.org\/mas-de-350-mujeres-se-reunieron-en-arequipa-para-el-congreso-nacional-del-ministerio-a-la-mujer\/"},"author":{"name":"Samnaz","@id":"https:\/\/www.samnaz.org\/#\/schema\/person\/c09d1131c49ba510c7e1cbb677b39927"},"headline":"M\u00e1s de 350 mujeres se reunieron en Arequipa para el Congreso Nacional del Ministerio a la Mujer","datePublished":"2026-03-09T17:07:37+00:00","dateModified":"2026-03-09T17:11:23+00:00","mainEntityOfPage":{"@id":"https:\/\/www.samnaz.org\/mas-de-350-mujeres-se-reunieron-en-arequipa-para-el-congreso-nacional-del-ministerio-a-la-mujer\/"},"wordCount":301,"commentCount":0,"publisher":{"@id":"https:\/\/www.samnaz.org\/#organization"},"image":{"@id":"https:\/\/www.samnaz.org\/mas-de-350-mujeres-se-reunieron-en-arequipa-para-el-congreso-nacional-del-ministerio-a-la-mujer\/#primaryimage"},"thumbnailUrl":"https:\/\/www.samnaz.org\/wp-content\/uploads\/2026\/03\/0.jpg","articleSection":["Am\u00e9rica del Sur","Ministerio a la Mujer","Noticia","Per\u00fa"],"inLanguage":"pt-BR","potentialAction":[{"@type":"CommentAction","name":"Comment","target":["https:\/\/www.samnaz.org\/mas-de-350-mujeres-se-reunieron-en-arequipa-para-el-congreso-nacional-del-ministerio-a-la-mujer\/#respond"]}]},{"@type":"WebPage","@id":"https:\/\/www.samnaz.org\/mas-de-350-mujeres-se-reunieron-en-arequipa-para-el-congreso-nacional-del-ministerio-a-la-mujer\/","url":"https:\/\/www.samnaz.org\/mas-de-350-mujeres-se-reunieron-en-arequipa-para-el-congreso-nacional-del-ministerio-a-la-mujer\/","name":"M\u00e1s de 350 mujeres se reunieron en Arequipa para el Congreso Nacional del Ministerio a la Mujer | Iglesia del Nazareno Am\u00e9rica del Sur","isPartOf":{"@id":"https:\/\/www.samnaz.org\/#website"},"primaryImageOfPage":{"@id":"https:\/\/www.samnaz.org\/mas-de-350-mujeres-se-reunieron-en-arequipa-para-el-congreso-nacional-del-ministerio-a-la-mujer\/#primaryimage"},"image":{"@id":"https:\/\/www.samnaz.org\/mas-de-350-mujeres-se-reunieron-en-arequipa-para-el-congreso-nacional-del-ministerio-a-la-mujer\/#primaryimage"},"thumbnailUrl":"https:\/\/www.samnaz.org\/wp-content\/uploads\/2026\/03\/0.jpg","datePublished":"2026-03-09T17:07:37+00:00","dateModified":"2026-03-09T17:11:23+00:00","description":"Noticia","inLanguage":"pt-BR","potentialAction":[{"@type":"ReadAction","target":["https:\/\/www.samnaz.org\/mas-de-350-mujeres-se-reunieron-en-arequipa-para-el-congreso-nacional-del-ministerio-a-la-mujer\/"]}]},{"@type":"ImageObject","inLanguage":"pt-BR","@id":"https:\/\/www.samnaz.org\/mas-de-350-mujeres-se-reunieron-en-arequipa-para-el-congreso-nacional-del-ministerio-a-la-mujer\/#primaryimage","url":"https:\/\/www.samnaz.org\/wp-content\/uploads\/2026\/03\/0.jpg","contentUrl":"https:\/\/www.samnaz.org\/wp-content\/uploads\/2026\/03\/0.jpg","width":1920,"height":1177},{"@type":"WebSite","@id":"https:\/\/www.samnaz.org\/#website","url":"https:\/\/www.samnaz.org\/","name":"Haciendo Disc\u00edpulos Semejantes a Cristo en las naciones","description":"Haciendo disc\u00edpulos semejantes a Cristo en las Naciones","publisher":{"@id":"https:\/\/www.samnaz.org\/#organization"},"alternateName":"Viviendo la Gran Comisi\u00f3n","potentialAction":[{"@type":"SearchAction","target":{"@type":"EntryPoint","urlTemplate":"https:\/\/www.samnaz.org\/?s={search_term_string}"},"query-input":{"@type":"PropertyValueSpecification","valueRequired":true,"valueName":"search_term_string"}}],"inLanguage":"pt-BR"},{"@type":"Organization","@id":"https:\/\/www.samnaz.org\/#organization","name":"Iglesia del Nazareno Am\u00e9rica del Sur","url":"https:\/\/www.samnaz.org\/","logo":{"@type":"ImageObject","inLanguage":"pt-BR","@id":"https:\/\/www.samnaz.org\/#\/schema\/logo\/image\/","url":"https:\/\/www.samnaz.org\/wp-content\/uploads\/2021\/04\/Logo-3-ESP.png","contentUrl":"https:\/\/www.samnaz.org\/wp-content\/uploads\/2021\/04\/Logo-3-ESP.png","width":1041,"height":780,"caption":"Iglesia del Nazareno Am\u00e9rica del Sur"},"image":{"@id":"https:\/\/www.samnaz.org\/#\/schema\/logo\/image\/"},"sameAs":["https:\/\/www.facebook.com\/NazarenoEsp","https:\/\/www.instagram.com\/nazarenoesp\/"],"publishingPrinciples":"https:\/\/www.samnaz.org\/"},{"@type":"Person","@id":"https:\/\/www.samnaz.org\/#\/schema\/person\/c09d1131c49ba510c7e1cbb677b39927","name":"Samnaz","image":{"@type":"ImageObject","inLanguage":"pt-BR","@id":"https:\/\/secure.gravatar.com\/avatar\/a5baaf0e270319d09c0efce6a9dd03ff93175913c70afe26595c0069c83fa6dc?s=96&d=mm&r=g","url":"https:\/\/secure.gravatar.com\/avatar\/a5baaf0e270319d09c0efce6a9dd03ff93175913c70afe26595c0069c83fa6dc?s=96&d=mm&r=g","contentUrl":"https:\/\/secure.gravatar.com\/avatar\/a5baaf0e270319d09c0efce6a9dd03ff93175913c70afe26595c0069c83fa6dc?s=96&d=mm&r=g","caption":"Samnaz"}}]}},"_links":{"self":[{"href":"https:\/\/www.samnaz.org\/pt\/wp-json\/wp\/v2\/posts\/50719","targetHints":{"allow":["GET"]}}],"collection":[{"href":"https:\/\/www.samnaz.org\/pt\/wp-json\/wp\/v2\/posts"}],"about":[{"href":"https:\/\/www.samnaz.org\/pt\/wp-json\/wp\/v2\/types\/post"}],"author":[{"embeddable":true,"href":"https:\/\/www.samnaz.org\/pt\/wp-json\/wp\/v2\/users\/4"}],"replies":[{"embeddable":true,"href":"https:\/\/www.samnaz.org\/pt\/wp-json\/wp\/v2\/comments?post=50719"}],"version-history":[{"count":4,"href":"https:\/\/www.samnaz.org\/pt\/wp-json\/wp\/v2\/posts\/50719\/revisions"}],"predecessor-version":[{"id":50735,"href":"https:\/\/www.samnaz.org\/pt\/wp-json\/wp\/v2\/posts\/50719\/revisions\/50735"}],"wp:featuredmedia":[{"embeddable":true,"href":"https:\/\/www.samnaz.org\/pt\/wp-json\/wp\/v2\/media\/50724"}],"wp:attachment":[{"href":"https:\/\/www.samnaz.org\/pt\/wp-json\/wp\/v2\/media?parent=50719"}],"wp:term":[{"taxonomy":"category","embeddable":true,"href":"https:\/\/www.samnaz.org\/pt\/wp-json\/wp\/v2\/categories?post=50719"},{"taxonomy":"post_tag","embeddable":true,"href":"https:\/\/www.samnaz.org\/pt\/wp-json\/wp\/v2\/tags?post=50719"}],"curies":[{"name":"wp","href":"https:\/\/api.w.org\/{rel}","templated":true}]}}